{"id":697,"date":"2018-12-09T16:34:46","date_gmt":"2018-12-09T15:34:46","guid":{"rendered":"http:\/\/peterustinovschule.de\/?p=697"},"modified":"2023-03-29T15:05:43","modified_gmt":"2023-03-29T13:05:43","slug":"mit-der-11c-im-bundestag","status":"publish","type":"post","link":"https:\/\/peterustinovschule.de\/?p=697","title":{"rendered":"Mit der 11c im Bundestag"},"content":{"rendered":"\n<figure class=\"wp-block-gallery has-nested-images columns-default is-cropped wp-block-gallery-1 is-layout-flex wp-block-gallery-is-layout-flex\">\n<figure class=\"wp-block-image size-large\"><img decoding=\"async\" loading=\"lazy\" width=\"319\" height=\"239\" data-id=\"698\" src=\"https:\/\/peterustinovschule.de\/wp-content\/uploads\/2021\/09\/DSCN8997.jpg\" alt=\"\" class=\"wp-image-698\" srcset=\"https:\/\/peterustinovschule.de\/wp-content\/uploads\/2021\/09\/DSCN8997.jpg 319w, https:\/\/peterustinovschule.de\/wp-content\/uploads\/2021\/09\/DSCN8997-300x225.jpg 300w, https:\/\/peterustinovschule.de\/wp-content\/uploads\/2021\/09\/DSCN8997-230x172.jpg 230w\" sizes=\"(max-width: 319px) 100vw, 319px\" \/><\/figure>\n\n\n\n<figure class=\"wp-block-image size-large\"><img decoding=\"async\" loading=\"lazy\" width=\"318\" height=\"238\" data-id=\"699\" src=\"https:\/\/peterustinovschule.de\/wp-content\/uploads\/2021\/09\/DSCN9013.jpg\" alt=\"\" class=\"wp-image-699\" srcset=\"https:\/\/peterustinovschule.de\/wp-content\/uploads\/2021\/09\/DSCN9013.jpg 318w, https:\/\/peterustinovschule.de\/wp-content\/uploads\/2021\/09\/DSCN9013-300x225.jpg 300w, https:\/\/peterustinovschule.de\/wp-content\/uploads\/2021\/09\/DSCN9013-230x172.jpg 230w\" sizes=\"(max-width: 318px) 100vw, 318px\" \/><\/figure>\n\n\n\n<figure class=\"wp-block-image size-large\"><img decoding=\"async\" loading=\"lazy\" width=\"318\" height=\"239\" data-id=\"700\" src=\"https:\/\/peterustinovschule.de\/wp-content\/uploads\/2021\/09\/DSCN9017.jpg\" alt=\"\" class=\"wp-image-700\" srcset=\"https:\/\/peterustinovschule.de\/wp-content\/uploads\/2021\/09\/DSCN9017.jpg 318w, https:\/\/peterustinovschule.de\/wp-content\/uploads\/2021\/09\/DSCN9017-300x225.jpg 300w, https:\/\/peterustinovschule.de\/wp-content\/uploads\/2021\/09\/DSCN9017-230x173.jpg 230w\" sizes=\"(max-width: 318px) 100vw, 318px\" \/><\/figure>\n\n\n\n<figure class=\"wp-block-image size-large\"><img decoding=\"async\" loading=\"lazy\" width=\"318\" height=\"238\" data-id=\"701\" src=\"https:\/\/peterustinovschule.de\/wp-content\/uploads\/2021\/09\/DSCN9018.jpg\" alt=\"\" class=\"wp-image-701\" srcset=\"https:\/\/peterustinovschule.de\/wp-content\/uploads\/2021\/09\/DSCN9018.jpg 318w, https:\/\/peterustinovschule.de\/wp-content\/uploads\/2021\/09\/DSCN9018-300x225.jpg 300w, https:\/\/peterustinovschule.de\/wp-content\/uploads\/2021\/09\/DSCN9018-230x172.jpg 230w\" sizes=\"(max-width: 318px) 100vw, 318px\" \/><\/figure>\n\n\n\n<figure class=\"wp-block-image size-large\"><img decoding=\"async\" loading=\"lazy\" width=\"318\" height=\"223\" data-id=\"702\" src=\"https:\/\/peterustinovschule.de\/wp-content\/uploads\/2021\/09\/shapeimage_1-33.png\" alt=\"\" class=\"wp-image-702\" srcset=\"https:\/\/peterustinovschule.de\/wp-content\/uploads\/2021\/09\/shapeimage_1-33.png 318w, https:\/\/peterustinovschule.de\/wp-content\/uploads\/2021\/09\/shapeimage_1-33-300x210.png 300w, https:\/\/peterustinovschule.de\/wp-content\/uploads\/2021\/09\/shapeimage_1-33-230x161.png 230w\" sizes=\"(max-width: 318px) 100vw, 318px\" \/><\/figure>\n<\/figure>\n\n\n\n<p>In diesem Schuljahr war der gesamte 11. Jahrgang an drei Tagen in der letzten Kompaktwoche vor Weihnachten in Berlin. Gesamter Jahrgang stimmt dabei nicht ganz, denn die 11b war eine Woche vorher schon in Berlin, auf Einladung des Bundesrates (siehe gesonderten Artikel). Aber die anderen drei Klassen waren auf Einladung verschiedener Bundestagsabgeordneter in unserer Bundeshauptstadt, um sich dort den Schwerpunkten der jeweiligen Profile entsprechend umzusehen.<\/p>\n\n\n\n<p>Dabei war die Klasse 11c in Kooperation mit der Bundeswehr unterwegs: Der neue Kieler Jugendoffizier Hauptmann Reimer hatte einen Gro\u00dfteil der Termine organisiert. Und so waren die Klasse 11c mit Ihren Lehrkr\u00e4ften Steffi Sa\u00dfmann und Michael Baum u.a. in den Bundesministerien des \u00c4u\u00dferen, der Verteidigung und f\u00fcr wirtschaftliche Zusammenarbeit. Dort erfuhren alle die Aufgaben der jeweiligen Ministerien, es gab kleinere Planspiele und alle Sch\u00fclerinnen und Sch\u00fcler konnten ihre Fragen loswerden und bekamen interessante Antworten.<\/p>\n\n\n\n<p>Der H\u00f6hepunkt der Fahrt war aber sicherlich der Besuch im Bundestag: Zuf\u00e4llig war es der erste Tage der j\u00e4hrlichen Haushaltsberatungen. An diesem Tag wird traditionell \u00fcber den Kanzlerin-Haushalt debattiert und damit \u00fcber die Gesamtpolitik der Regierung. Alle Kabinettsmitglieder waren also anwesend und wir hatten das gro\u00dfe Gl\u00fcck, diese und die verschiedenen Redner\/-innen so ganz nah und live von der Besuchertrib\u00fcne zu sehen und viele auch reden zu h\u00f6ren. Das hat die Sch\u00fcler\/-innen sehr beeindruckt. Abgesto\u00dfen f\u00fchlten sie sich vom Verhalten einer Partei, die ganz rechts im Bundestag sa\u00df: Zeitunglesend und dazwischenrufend st\u00f6rten deren Abgeordnete mehr als dass sie sich konstruktiv an der Debatte beteiligten. Dies waren sie aus dem Unterricht nicht gewohnt, wo ihnen immer wieder beigebracht wird, Argumenten zuzuh\u00f6ren und sachlich miteinander zu diskutieren.<\/p>\n\n\n\n<p>Insgesamt war es f\u00fcr die Klasse 11c eine inhaltsreiche und interessante Fahrt, die man allerdings in Folgejahren doch eher ins Sommerhalbjahr verlegen sollte, denn es war sehr kalt und windig, was z.B. die fu\u00dfl\u00e4ufige Stadtf\u00fchrung sehr einschr\u00e4nkte.&nbsp;<\/p>\n","protected":false},"excerpt":{"rendered":"<p>In diesem Schuljahr war der gesamte 11. Jahrgang an drei Tagen in der letzten Kompaktwoche vor Weihnachten in Berlin. Gesamter Jahrgang stimmt dabei nicht ganz, &hellip;<\/p>\n","protected":false},"author":1,"featured_media":702,"comment_status":"closed","ping_status":"closed","sticky":false,"template":"","format":"standard","meta":{"footnotes":""},"categories":[15,6],"tags":[],"_links":{"self":[{"href":"https:\/\/peterustinovschule.de\/index.php?rest_route=\/wp\/v2\/posts\/697"}],"collection":[{"href":"https:\/\/peterustinovschule.de\/index.php?rest_route=\/wp\/v2\/posts"}],"about":[{"href":"https:\/\/peterustinovschule.de\/index.php?rest_route=\/wp\/v2\/types\/post"}],"author":[{"embeddable":true,"href":"https:\/\/peterustinovschule.de\/index.php?rest_route=\/wp\/v2\/users\/1"}],"replies":[{"embeddable":true,"href":"https:\/\/peterustinovschule.de\/index.php?rest_route=%2Fwp%2Fv2%2Fcomments&post=697"}],"version-history":[{"count":0,"href":"https:\/\/peterustinovschule.de\/index.php?rest_route=\/wp\/v2\/posts\/697\/revisions"}],"wp:featuredmedia":[{"embeddable":true,"href":"https:\/\/peterustinovschule.de\/index.php?rest_route=\/wp\/v2\/media\/702"}],"wp:attachment":[{"href":"https:\/\/peterustinovschule.de\/index.php?rest_route=%2Fwp%2Fv2%2Fmedia&parent=697"}],"wp:term":[{"taxonomy":"category","embeddable":true,"href":"https:\/\/peterustinovschule.de\/index.php?rest_route=%2Fwp%2Fv2%2Fcategories&post=697"},{"taxonomy":"post_tag","embeddable":true,"href":"https:\/\/peterustinovschule.de\/index.php?rest_route=%2Fwp%2Fv2%2Ftags&post=697"}],"curies":[{"name":"wp","href":"https:\/\/api.w.org\/{rel}","templated":true}]}}