{"id":5716,"date":"2026-08-31T18:10:59","date_gmt":"2026-08-31T16:10:59","guid":{"rendered":"https:\/\/peterustinovschule.de\/?p=5716"},"modified":"2026-08-31T19:12:05","modified_gmt":"2026-08-31T17:12:05","slug":"herzlich-willkommen-an-der-peter-ustinov-schule","status":"publish","type":"post","link":"https:\/\/peterustinovschule.de\/?p=5716","title":{"rendered":"Herzlich willkommen an der Peter-Ustinov-Schule!"},"content":{"rendered":"\n<p>Am&nbsp;18. August 2026&nbsp;wurde an der Peter-Ustinov-Schule in Eckernf\u00f6rde der neue f\u00fcnfte Jahrgang im Rahmen einer feierlichen Einschulung herzlich willkommen gehei\u00dfen.<\/p>\n\n\n\n<p>Den Auftakt der Veranstaltung bildete die Begr\u00fc\u00dfung der neuen Sch\u00fclerinnen und Sch\u00fcler sowie ihrer Familien und G\u00e4ste durch den stellvertretenden Schulleiter, Herrn Rehbehn. F\u00fcr die musikalische Begleitung sorgte das Orchester &#8220;twenty-eight&#8221;, das der Feier eine besondere Atmosph\u00e4re verlieh.<\/p>\n\n\n\n<div style=\"height:18px\" aria-hidden=\"true\" class=\"wp-block-spacer\"><\/div>\n\n\n\n<div class=\"wp-block-columns is-layout-flex wp-container-3 wp-block-columns-is-layout-flex\">\n<div class=\"wp-block-column is-layout-flow wp-block-column-is-layout-flow\">\n<figure class=\"wp-block-image size-large is-style-rounded\"><img decoding=\"async\" loading=\"lazy\" width=\"1024\" height=\"768\" src=\"https:\/\/peterustinovschule.de\/wp-content\/uploads\/2026\/08\/image1-1024x768.jpeg\" alt=\"\" class=\"wp-image-5717\" srcset=\"https:\/\/peterustinovschule.de\/wp-content\/uploads\/2026\/08\/image1-1024x768.jpeg 1024w, https:\/\/peterustinovschule.de\/wp-content\/uploads\/2026\/08\/image1-300x225.jpeg 300w, https:\/\/peterustinovschule.de\/wp-content\/uploads\/2026\/08\/image1-768x576.jpeg 768w, https:\/\/peterustinovschule.de\/wp-content\/uploads\/2026\/08\/image1-1536x1152.jpeg 1536w, https:\/\/peterustinovschule.de\/wp-content\/uploads\/2026\/08\/image1-400x300.jpeg 400w, https:\/\/peterustinovschule.de\/wp-content\/uploads\/2026\/08\/image1.jpeg 2016w\" sizes=\"(max-width: 1024px) 100vw, 1024px\" \/><\/figure>\n<\/div>\n\n\n\n<div class=\"wp-block-column is-layout-flow wp-block-column-is-layout-flow\">\n<figure class=\"wp-block-image size-large is-style-rounded\"><img decoding=\"async\" loading=\"lazy\" width=\"1024\" height=\"768\" src=\"https:\/\/peterustinovschule.de\/wp-content\/uploads\/2026\/08\/bild3-hd-1024x768.jpg\" alt=\"\" class=\"wp-image-5736\" srcset=\"https:\/\/peterustinovschule.de\/wp-content\/uploads\/2026\/08\/bild3-hd-1024x768.jpg 1024w, https:\/\/peterustinovschule.de\/wp-content\/uploads\/2026\/08\/bild3-hd-300x225.jpg 300w, https:\/\/peterustinovschule.de\/wp-content\/uploads\/2026\/08\/bild3-hd-768x576.jpg 768w, https:\/\/peterustinovschule.de\/wp-content\/uploads\/2026\/08\/bild3-hd-1536x1152.jpg 1536w, https:\/\/peterustinovschule.de\/wp-content\/uploads\/2026\/08\/bild3-hd-2048x1536.jpg 2048w, https:\/\/peterustinovschule.de\/wp-content\/uploads\/2026\/08\/bild3-hd-400x300.jpg 400w\" sizes=\"(max-width: 1024px) 100vw, 1024px\" \/><\/figure>\n<\/div>\n<\/div>\n\n\n\n<div style=\"height:20px\" aria-hidden=\"true\" class=\"wp-block-spacer\"><\/div>\n\n\n\n<p>Danach richtete die Unterstufenkoordiantorin Frau Heemsoth und die&nbsp;Sch\u00fclervertretung&nbsp;Willkommensworte an die neuen F\u00fcnftkl\u00e4sslerinnen und F\u00fcnftkl\u00e4ssler.&nbsp;Die Sch\u00fclerinnen und Sch\u00fcler der Klasse 6b&nbsp;sorgten mit ihrer Tanzeinlage&nbsp;f\u00fcr einen besonderen Moment.<\/p>\n\n\n\n<div style=\"height:12px\" aria-hidden=\"true\" class=\"wp-block-spacer\"><\/div>\n\n\n\n<div class=\"wp-block-columns is-layout-flex wp-container-6 wp-block-columns-is-layout-flex\">\n<div class=\"wp-block-column is-layout-flow wp-block-column-is-layout-flow\">\n<figure class=\"wp-block-image size-large is-style-rounded\"><img decoding=\"async\" loading=\"lazy\" width=\"1024\" height=\"768\" src=\"https:\/\/peterustinovschule.de\/wp-content\/uploads\/2026\/08\/image6-1024x768.jpeg\" alt=\"\" class=\"wp-image-5719\" srcset=\"https:\/\/peterustinovschule.de\/wp-content\/uploads\/2026\/08\/image6-1024x768.jpeg 1024w, https:\/\/peterustinovschule.de\/wp-content\/uploads\/2026\/08\/image6-300x225.jpeg 300w, https:\/\/peterustinovschule.de\/wp-content\/uploads\/2026\/08\/image6-768x576.jpeg 768w, https:\/\/peterustinovschule.de\/wp-content\/uploads\/2026\/08\/image6-1536x1152.jpeg 1536w, https:\/\/peterustinovschule.de\/wp-content\/uploads\/2026\/08\/image6-400x300.jpeg 400w, https:\/\/peterustinovschule.de\/wp-content\/uploads\/2026\/08\/image6.jpeg 2016w\" sizes=\"(max-width: 1024px) 100vw, 1024px\" \/><\/figure>\n<\/div>\n\n\n\n<div class=\"wp-block-column is-layout-flow wp-block-column-is-layout-flow\">\n<figure class=\"wp-block-image size-large is-style-rounded\"><img decoding=\"async\" loading=\"lazy\" width=\"1024\" height=\"768\" src=\"https:\/\/peterustinovschule.de\/wp-content\/uploads\/2026\/08\/image9-1024x768.jpeg\" alt=\"\" class=\"wp-image-5729\" srcset=\"https:\/\/peterustinovschule.de\/wp-content\/uploads\/2026\/08\/image9-1024x768.jpeg 1024w, https:\/\/peterustinovschule.de\/wp-content\/uploads\/2026\/08\/image9-300x225.jpeg 300w, https:\/\/peterustinovschule.de\/wp-content\/uploads\/2026\/08\/image9-768x576.jpeg 768w, https:\/\/peterustinovschule.de\/wp-content\/uploads\/2026\/08\/image9-1536x1152.jpeg 1536w, https:\/\/peterustinovschule.de\/wp-content\/uploads\/2026\/08\/image9-400x300.jpeg 400w, https:\/\/peterustinovschule.de\/wp-content\/uploads\/2026\/08\/image9.jpeg 2016w\" sizes=\"(max-width: 1024px) 100vw, 1024px\" \/><\/figure>\n<\/div>\n<\/div>\n\n\n\n<div style=\"height:17px\" aria-hidden=\"true\" class=\"wp-block-spacer\"><\/div>\n\n\n\n<div class=\"wp-block-columns is-layout-flex wp-container-9 wp-block-columns-is-layout-flex\">\n<div class=\"wp-block-column is-layout-flow wp-block-column-is-layout-flow\">\n<figure class=\"wp-block-image size-large is-style-rounded\"><img decoding=\"async\" loading=\"lazy\" width=\"1024\" height=\"768\" src=\"https:\/\/peterustinovschule.de\/wp-content\/uploads\/2026\/08\/image7-2-1024x768.jpeg\" alt=\"\" class=\"wp-image-5734\" srcset=\"https:\/\/peterustinovschule.de\/wp-content\/uploads\/2026\/08\/image7-2-1024x768.jpeg 1024w, https:\/\/peterustinovschule.de\/wp-content\/uploads\/2026\/08\/image7-2-300x225.jpeg 300w, https:\/\/peterustinovschule.de\/wp-content\/uploads\/2026\/08\/image7-2-768x576.jpeg 768w, https:\/\/peterustinovschule.de\/wp-content\/uploads\/2026\/08\/image7-2-1536x1152.jpeg 1536w, https:\/\/peterustinovschule.de\/wp-content\/uploads\/2026\/08\/image7-2-400x300.jpeg 400w, https:\/\/peterustinovschule.de\/wp-content\/uploads\/2026\/08\/image7-2.jpeg 2016w\" sizes=\"(max-width: 1024px) 100vw, 1024px\" \/><\/figure>\n<\/div>\n\n\n\n<div class=\"wp-block-column is-layout-flow wp-block-column-is-layout-flow\">\n<figure class=\"wp-block-image size-large is-style-rounded\"><img decoding=\"async\" loading=\"lazy\" width=\"1024\" height=\"768\" src=\"https:\/\/peterustinovschule.de\/wp-content\/uploads\/2026\/08\/Bild-4-hd-1024x768.jpg\" alt=\"\" class=\"wp-image-5738\" srcset=\"https:\/\/peterustinovschule.de\/wp-content\/uploads\/2026\/08\/Bild-4-hd-1024x768.jpg 1024w, https:\/\/peterustinovschule.de\/wp-content\/uploads\/2026\/08\/Bild-4-hd-300x225.jpg 300w, https:\/\/peterustinovschule.de\/wp-content\/uploads\/2026\/08\/Bild-4-hd-768x576.jpg 768w, https:\/\/peterustinovschule.de\/wp-content\/uploads\/2026\/08\/Bild-4-hd-1536x1152.jpg 1536w, https:\/\/peterustinovschule.de\/wp-content\/uploads\/2026\/08\/Bild-4-hd-2048x1536.jpg 2048w, https:\/\/peterustinovschule.de\/wp-content\/uploads\/2026\/08\/Bild-4-hd-400x300.jpg 400w\" sizes=\"(max-width: 1024px) 100vw, 1024px\" \/><\/figure>\n<\/div>\n<\/div>\n\n\n\n<div style=\"height:23px\" aria-hidden=\"true\" class=\"wp-block-spacer\"><\/div>\n\n\n\n<p>Es folgte die Vorstellung der&nbsp;Klassenlehrkr\u00e4fte mit den neuen 5. Klassen. Mit gro\u00dfer Spannung ging es danach gemeinsam zum ersten Mal in die neuen Klassenr\u00e4ume. Der&nbsp;Schulelternbeirat&nbsp;hie\u00df die neuen Mitglieder unserer Schulgemeinschaft herzlich willkommen.<\/p>\n\n\n\n<p>Bei einem gem\u00fctlichen&nbsp;Ausklang in der Mensa&nbsp;konnten die Eindr\u00fccke des besonderen Tages schlie\u00dflich gemeinsam mit Eltern, Familien und Lehrkr\u00e4ften ausklingen.<\/p>\n\n\n\n<p>Wir w\u00fcnschen allen Sch\u00fclerinnen und Sch\u00fclern des neuen 5. Jahrgangs einen tollen Start, viele sch\u00f6ne Begegnungen und eine erfolgreiche und unvergessliche Zeit an der Peter-Ustinov-Schule!<\/p>\n\n\n\n<p>Text und Fotos: Marco Ehlers<\/p>\n","protected":false},"excerpt":{"rendered":"<p>Am&nbsp;18. August 2026&nbsp;wurde an der Peter-Ustinov-Schule in Eckernf\u00f6rde der neue f\u00fcnfte Jahrgang im Rahmen einer feierlichen Einschulung herzlich willkommen gehei\u00dfen. Den Auftakt der Veranstaltung bildete &hellip;<\/p>\n","protected":false},"author":1,"featured_media":5736,"comment_status":"closed","ping_status":"","sticky":false,"template":"","format":"standard","meta":{"footnotes":""},"categories":[15,67],"tags":[],"_links":{"self":[{"href":"https:\/\/peterustinovschule.de\/index.php?rest_route=\/wp\/v2\/posts\/5716"}],"collection":[{"href":"https:\/\/peterustinovschule.de\/index.php?rest_route=\/wp\/v2\/posts"}],"about":[{"href":"https:\/\/peterustinovschule.de\/index.php?rest_route=\/wp\/v2\/types\/post"}],"author":[{"embeddable":true,"href":"https:\/\/peterustinovschule.de\/index.php?rest_route=\/wp\/v2\/users\/1"}],"replies":[{"embeddable":true,"href":"https:\/\/peterustinovschule.de\/index.php?rest_route=%2Fwp%2Fv2%2Fcomments&post=5716"}],"version-history":[{"count":0,"href":"https:\/\/peterustinovschule.de\/index.php?rest_route=\/wp\/v2\/posts\/5716\/revisions"}],"wp:featuredmedia":[{"embeddable":true,"href":"https:\/\/peterustinovschule.de\/index.php?rest_route=\/wp\/v2\/media\/5736"}],"wp:attachment":[{"href":"https:\/\/peterustinovschule.de\/index.php?rest_route=%2Fwp%2Fv2%2Fmedia&parent=5716"}],"wp:term":[{"taxonomy":"category","embeddable":true,"href":"https:\/\/peterustinovschule.de\/index.php?rest_route=%2Fwp%2Fv2%2Fcategories&post=5716"},{"taxonomy":"post_tag","embeddable":true,"href":"https:\/\/peterustinovschule.de\/index.php?rest_route=%2Fwp%2Fv2%2Ftags&post=5716"}],"curies":[{"name":"wp","href":"https:\/\/api.w.org\/{rel}","templated":true}]}}