{"id":5353,"date":"2026-03-15T13:05:41","date_gmt":"2026-03-15T12:05:41","guid":{"rendered":"https:\/\/peterustinovschule.de\/?p=5353"},"modified":"2026-03-23T20:59:19","modified_gmt":"2026-03-23T19:59:19","slug":"wahl-der-schuelersprecher","status":"publish","type":"post","link":"https:\/\/peterustinovschule.de\/?p=5353","title":{"rendered":"Wahl der Sch\u00fclersprecher"},"content":{"rendered":"\n<p><strong>Gelebte Demokratie an der Peter-Ustinov-Schule: R\u00fcckblick auf die Sch\u00fclersprecherwahl 2026<\/strong><\/p>\n\n\n\n<p>Am 25. Februar 2026 drehte sich an der Peter-Ustinov-Schule alles um Mitbestimmung. In der Aula versammelten sich die Sch\u00fcler aus allen Jahrg\u00e4ngen, um ihre neuen Vertreter zu w\u00e4hlen. <\/p>\n\n\n\n<div class=\"wp-block-columns is-layout-flex wp-container-4 wp-block-columns-is-layout-flex\">\n<div class=\"wp-block-column is-layout-flow wp-block-column-is-layout-flow\">\n<figure class=\"wp-block-image size-large is-style-rounded\"><img decoding=\"async\" loading=\"lazy\" width=\"1024\" height=\"576\" src=\"https:\/\/peterustinovschule.de\/wp-content\/uploads\/2026\/03\/IMG_20260225_103845326_HDR-1024x576.jpg\" alt=\"\" class=\"wp-image-5356\" srcset=\"https:\/\/peterustinovschule.de\/wp-content\/uploads\/2026\/03\/IMG_20260225_103845326_HDR-1024x576.jpg 1024w, https:\/\/peterustinovschule.de\/wp-content\/uploads\/2026\/03\/IMG_20260225_103845326_HDR-300x169.jpg 300w, https:\/\/peterustinovschule.de\/wp-content\/uploads\/2026\/03\/IMG_20260225_103845326_HDR-768x432.jpg 768w, https:\/\/peterustinovschule.de\/wp-content\/uploads\/2026\/03\/IMG_20260225_103845326_HDR-1536x864.jpg 1536w, https:\/\/peterustinovschule.de\/wp-content\/uploads\/2026\/03\/IMG_20260225_103845326_HDR-2048x1152.jpg 2048w, https:\/\/peterustinovschule.de\/wp-content\/uploads\/2026\/03\/IMG_20260225_103845326_HDR-533x300.jpg 533w\" sizes=\"(max-width: 1024px) 100vw, 1024px\" \/><\/figure>\n<\/div>\n\n\n\n<div class=\"wp-block-column is-layout-flow wp-block-column-is-layout-flow\">\n<figure class=\"wp-block-image size-large is-style-rounded\"><img decoding=\"async\" loading=\"lazy\" width=\"1024\" height=\"576\" src=\"https:\/\/peterustinovschule.de\/wp-content\/uploads\/2026\/03\/IMG_20260225_103951307_HDR-1024x576.jpg\" alt=\"\" class=\"wp-image-5355\" srcset=\"https:\/\/peterustinovschule.de\/wp-content\/uploads\/2026\/03\/IMG_20260225_103951307_HDR-1024x576.jpg 1024w, https:\/\/peterustinovschule.de\/wp-content\/uploads\/2026\/03\/IMG_20260225_103951307_HDR-300x169.jpg 300w, https:\/\/peterustinovschule.de\/wp-content\/uploads\/2026\/03\/IMG_20260225_103951307_HDR-768x432.jpg 768w, https:\/\/peterustinovschule.de\/wp-content\/uploads\/2026\/03\/IMG_20260225_103951307_HDR-1536x864.jpg 1536w, https:\/\/peterustinovschule.de\/wp-content\/uploads\/2026\/03\/IMG_20260225_103951307_HDR-2048x1152.jpg 2048w, https:\/\/peterustinovschule.de\/wp-content\/uploads\/2026\/03\/IMG_20260225_103951307_HDR-533x300.jpg 533w\" sizes=\"(max-width: 1024px) 100vw, 1024px\" \/><\/figure>\n<\/div>\n\n\n\n<div class=\"wp-block-column is-layout-flow wp-block-column-is-layout-flow\">\n<figure class=\"wp-block-image size-large is-style-rounded\"><img decoding=\"async\" loading=\"lazy\" width=\"1024\" height=\"576\" src=\"https:\/\/peterustinovschule.de\/wp-content\/uploads\/2026\/03\/IMG_20260225_103902452_HDR-1024x576.jpg\" alt=\"\" class=\"wp-image-5357\" srcset=\"https:\/\/peterustinovschule.de\/wp-content\/uploads\/2026\/03\/IMG_20260225_103902452_HDR-1024x576.jpg 1024w, https:\/\/peterustinovschule.de\/wp-content\/uploads\/2026\/03\/IMG_20260225_103902452_HDR-300x169.jpg 300w, https:\/\/peterustinovschule.de\/wp-content\/uploads\/2026\/03\/IMG_20260225_103902452_HDR-768x432.jpg 768w, https:\/\/peterustinovschule.de\/wp-content\/uploads\/2026\/03\/IMG_20260225_103902452_HDR-1536x864.jpg 1536w, https:\/\/peterustinovschule.de\/wp-content\/uploads\/2026\/03\/IMG_20260225_103902452_HDR-2048x1152.jpg 2048w, https:\/\/peterustinovschule.de\/wp-content\/uploads\/2026\/03\/IMG_20260225_103902452_HDR-533x300.jpg 533w\" sizes=\"(max-width: 1024px) 100vw, 1024px\" \/><\/figure>\n<\/div>\n<\/div>\n\n\n\n<div style=\"height:13px\" aria-hidden=\"true\" class=\"wp-block-spacer\"><\/div>\n\n\n\n<p>Die Sch\u00fclervertretung (SV) hatte daf\u00fcr eine Wahlveranstaltung vorbereitet. Im Mittelpunkt standen die Bewerber, die sich pers\u00f6nlich vorstellten. In kurzen Beitr\u00e4gen erkl\u00e4rten sie, warum sie das Amt \u00fcbernehmen wollen und welche Themen ihnen wichtig sind. Dieses Jahr traten zwei Teams an: Team 1 bestand aus Kjell Lucassen (12d), Jesper S\u00f6rensen (12d), Ragna Nielsen (12d), Team 2 aus  Amaurice Flessau (12d), Abbas Zand (12d) und Lilly Stelling (12c). Die anwesenden Sch\u00fcler nutzten die Chance, den Kandidaten Fragen zu stellen. Dabei ging es vor allem um konkrete Pl\u00e4ne, etwa zur Gestaltung des Sportplatzes, Wasserspendern an der Schule und der digitalen Ausstattung. Weiterhin wurde besprochen, wie die Kommunikation zwischen Sch\u00fclern, Lehrern und Schulleitung besser werden kann. <\/p>\n\n\n\n<div class=\"wp-block-columns is-layout-flex wp-container-7 wp-block-columns-is-layout-flex\">\n<div class=\"wp-block-column is-layout-flow wp-block-column-is-layout-flow\">\n<figure class=\"wp-block-image size-large is-resized is-style-rounded\"><img decoding=\"async\" loading=\"lazy\" width=\"576\" height=\"1024\" src=\"https:\/\/peterustinovschule.de\/wp-content\/uploads\/2026\/03\/IMG_20260225_104227366_HDR-1-576x1024.jpg\" alt=\"\" class=\"wp-image-5363\" style=\"aspect-ratio:0.5625;width:390px;height:auto\" srcset=\"https:\/\/peterustinovschule.de\/wp-content\/uploads\/2026\/03\/IMG_20260225_104227366_HDR-1-576x1024.jpg 576w, https:\/\/peterustinovschule.de\/wp-content\/uploads\/2026\/03\/IMG_20260225_104227366_HDR-1-169x300.jpg 169w, https:\/\/peterustinovschule.de\/wp-content\/uploads\/2026\/03\/IMG_20260225_104227366_HDR-1-768x1365.jpg 768w, https:\/\/peterustinovschule.de\/wp-content\/uploads\/2026\/03\/IMG_20260225_104227366_HDR-1-864x1536.jpg 864w, https:\/\/peterustinovschule.de\/wp-content\/uploads\/2026\/03\/IMG_20260225_104227366_HDR-1-1152x2048.jpg 1152w, https:\/\/peterustinovschule.de\/wp-content\/uploads\/2026\/03\/IMG_20260225_104227366_HDR-1-scaled.jpg 1440w\" sizes=\"(max-width: 576px) 100vw, 576px\" \/><\/figure>\n<\/div>\n\n\n\n<div class=\"wp-block-column is-layout-flow wp-block-column-is-layout-flow\">\n<figure class=\"wp-block-image size-large is-resized is-style-rounded\"><img decoding=\"async\" loading=\"lazy\" width=\"576\" height=\"1024\" src=\"https:\/\/peterustinovschule.de\/wp-content\/uploads\/2026\/03\/IMG_20260225_103955762_HDR-576x1024.jpg\" alt=\"\" class=\"wp-image-5358\" style=\"aspect-ratio:0.5625;width:389px;height:auto\" srcset=\"https:\/\/peterustinovschule.de\/wp-content\/uploads\/2026\/03\/IMG_20260225_103955762_HDR-576x1024.jpg 576w, https:\/\/peterustinovschule.de\/wp-content\/uploads\/2026\/03\/IMG_20260225_103955762_HDR-169x300.jpg 169w, https:\/\/peterustinovschule.de\/wp-content\/uploads\/2026\/03\/IMG_20260225_103955762_HDR-768x1365.jpg 768w, https:\/\/peterustinovschule.de\/wp-content\/uploads\/2026\/03\/IMG_20260225_103955762_HDR-864x1536.jpg 864w, https:\/\/peterustinovschule.de\/wp-content\/uploads\/2026\/03\/IMG_20260225_103955762_HDR-1152x2048.jpg 1152w, https:\/\/peterustinovschule.de\/wp-content\/uploads\/2026\/03\/IMG_20260225_103955762_HDR-scaled.jpg 1440w\" sizes=\"(max-width: 576px) 100vw, 576px\" \/><\/figure>\n<\/div>\n<\/div>\n\n\n\n<p>Die Sch\u00fclervertretung bedankt sich bei allen, die zum guten Ablauf beigetragen haben, f\u00fcr die vielen Fragen und das gro\u00dfe Interesse w\u00e4hrend der Wahl. <\/p>\n\n\n\n<p>Herzlichen Gl\u00fcckwunsch an unsere neuen Sch\u00fclersprecher  Kjell Lucassen, Jesper S\u00f6rensen und Ragna Nielsen, die die Wahl mit 419 zu 145 Stimmen gewonnen haben. <\/p>\n\n\n\n<p>\ud83c\udf40\ud83d\udc1e\ud83c\udf89\ud83c\udf8a<\/p>\n\n\n\n<p>Text: Minh Vuong<\/p>\n\n\n\n<p>Fotos: Minh Vuong<\/p>\n\n\n\n<p><\/p>\n\n\n\n<p><br><\/p>\n","protected":false},"excerpt":{"rendered":"<p>Gelebte Demokratie an der Peter-Ustinov-Schule: R\u00fcckblick auf die Sch\u00fclersprecherwahl 2026 Am 25. Februar 2026 drehte sich an der Peter-Ustinov-Schule alles um Mitbestimmung. In der Aula &hellip;<\/p>\n","protected":false},"author":1,"featured_media":5356,"comment_status":"closed","ping_status":"","sticky":false,"template":"","format":"standard","meta":{"footnotes":""},"categories":[1,15,67],"tags":[],"_links":{"self":[{"href":"https:\/\/peterustinovschule.de\/index.php?rest_route=\/wp\/v2\/posts\/5353"}],"collection":[{"href":"https:\/\/peterustinovschule.de\/index.php?rest_route=\/wp\/v2\/posts"}],"about":[{"href":"https:\/\/peterustinovschule.de\/index.php?rest_route=\/wp\/v2\/types\/post"}],"author":[{"embeddable":true,"href":"https:\/\/peterustinovschule.de\/index.php?rest_route=\/wp\/v2\/users\/1"}],"replies":[{"embeddable":true,"href":"https:\/\/peterustinovschule.de\/index.php?rest_route=%2Fwp%2Fv2%2Fcomments&post=5353"}],"version-history":[{"count":0,"href":"https:\/\/peterustinovschule.de\/index.php?rest_route=\/wp\/v2\/posts\/5353\/revisions"}],"wp:featuredmedia":[{"embeddable":true,"href":"https:\/\/peterustinovschule.de\/index.php?rest_route=\/wp\/v2\/media\/5356"}],"wp:attachment":[{"href":"https:\/\/peterustinovschule.de\/index.php?rest_route=%2Fwp%2Fv2%2Fmedia&parent=5353"}],"wp:term":[{"taxonomy":"category","embeddable":true,"href":"https:\/\/peterustinovschule.de\/index.php?rest_route=%2Fwp%2Fv2%2Fcategories&post=5353"},{"taxonomy":"post_tag","embeddable":true,"href":"https:\/\/peterustinovschule.de\/index.php?rest_route=%2Fwp%2Fv2%2Ftags&post=5353"}],"curies":[{"name":"wp","href":"https:\/\/api.w.org\/{rel}","templated":true}]}}