{"id":5062,"date":"2026-01-25T13:27:10","date_gmt":"2026-01-25T12:27:10","guid":{"rendered":"https:\/\/peterustinovschule.de\/?p=5062"},"modified":"2026-01-26T10:43:52","modified_gmt":"2026-01-26T09:43:52","slug":"plattdeutschlesewettbewerb-der-peter-ustinov-schule-eckernfoerdedonnerstag-22-01-2026-von-lina-pultermann-9c","status":"publish","type":"post","link":"https:\/\/peterustinovschule.de\/?p=5062","title":{"rendered":"Plattdeutschlesewettbewerb der Peter-Ustinov-Schule Eckernf\u00f6rde"},"content":{"rendered":"\n<p>Ein Artikel von Lina Pultermann, Klasse 9c<\/p>\n\n\n\n<p>Am 14. Januar 2026 fand an unserer Schule der interne Leseplattdeutschwettbewerb \u00bbSch\u00f6ler leest platt\u00ab statt. Ziel des Wettbewerbs war es, die plattdeutsche Sprache zu f\u00f6rdern und den Sch\u00fclerinnen und Sch\u00fcler die M\u00f6glich zu geben, ihre Lesef\u00e4higkeit in einer besonderen Sprache unter Beweis zu stellen.<\/p>\n\n\n\n<div style=\"height:9px\" aria-hidden=\"true\" class=\"wp-block-spacer\"><\/div>\n\n\n\n<p>Teilnehmen konnten Sch\u00fclerinnen und Sch\u00fcler der Jahrg\u00e4nge 5 bis 7, sowie 8 bis 10. Insgesamt traten mehrere mutige Kandidatinnen und Kandidaten an, die sich intensiv auf diesen Tag vorbereitet hatten. Unterst\u00fctzt wurden sie dabei von ihren Freundinnen und Freunden, Mitsch\u00fclerinnen und Mitsch\u00fclern und Lehrkr\u00e4ften, die als Publikum anwesend waren. Begleitet und bewertet wurde der Wettbewerb von drei qualifizierten Jurymitgliedern, die mit gro\u00dfer Aufmerksamkeit zuh\u00f6rten. Zudem standen die betreuenden Lehrkr\u00e4fte Herr Sierks und Frau Burau den Teilnehmenden w\u00e4hrend der gesamten Veranstaltung zur Seite und sorgten f\u00fcr einen reibungslosen Ablauf.<\/p>\n\n\n\n<div style=\"height:15px\" aria-hidden=\"true\" class=\"wp-block-spacer\"><\/div>\n\n\n\n<div class=\"wp-block-columns is-layout-flex wp-container-3 wp-block-columns-is-layout-flex\">\n<div class=\"wp-block-column is-layout-flow wp-block-column-is-layout-flow\">\n<figure class=\"wp-block-image size-large is-style-rounded\"><img decoding=\"async\" loading=\"lazy\" width=\"1024\" height=\"768\" src=\"https:\/\/peterustinovschule.de\/wp-content\/uploads\/2026\/01\/IMG_1805-1024x768.jpg\" alt=\"\" class=\"wp-image-5063\" srcset=\"https:\/\/peterustinovschule.de\/wp-content\/uploads\/2026\/01\/IMG_1805-1024x768.jpg 1024w, https:\/\/peterustinovschule.de\/wp-content\/uploads\/2026\/01\/IMG_1805-300x225.jpg 300w, https:\/\/peterustinovschule.de\/wp-content\/uploads\/2026\/01\/IMG_1805-768x576.jpg 768w, https:\/\/peterustinovschule.de\/wp-content\/uploads\/2026\/01\/IMG_1805-1536x1152.jpg 1536w, https:\/\/peterustinovschule.de\/wp-content\/uploads\/2026\/01\/IMG_1805-2048x1536.jpg 2048w, https:\/\/peterustinovschule.de\/wp-content\/uploads\/2026\/01\/IMG_1805-400x300.jpg 400w\" sizes=\"(max-width: 1024px) 100vw, 1024px\" \/><\/figure>\n<\/div>\n\n\n\n<div class=\"wp-block-column is-layout-flow wp-block-column-is-layout-flow\">\n<figure class=\"wp-block-image size-large is-style-rounded\"><img decoding=\"async\" loading=\"lazy\" width=\"1024\" height=\"768\" src=\"https:\/\/peterustinovschule.de\/wp-content\/uploads\/2026\/01\/IMG_1819-1024x768.jpg\" alt=\"\" class=\"wp-image-5065\" srcset=\"https:\/\/peterustinovschule.de\/wp-content\/uploads\/2026\/01\/IMG_1819-1024x768.jpg 1024w, https:\/\/peterustinovschule.de\/wp-content\/uploads\/2026\/01\/IMG_1819-300x225.jpg 300w, https:\/\/peterustinovschule.de\/wp-content\/uploads\/2026\/01\/IMG_1819-768x576.jpg 768w, https:\/\/peterustinovschule.de\/wp-content\/uploads\/2026\/01\/IMG_1819-1536x1152.jpg 1536w, https:\/\/peterustinovschule.de\/wp-content\/uploads\/2026\/01\/IMG_1819-2048x1536.jpg 2048w, https:\/\/peterustinovschule.de\/wp-content\/uploads\/2026\/01\/IMG_1819-400x300.jpg 400w\" sizes=\"(max-width: 1024px) 100vw, 1024px\" \/><\/figure>\n<\/div>\n<\/div>\n\n\n\n<div style=\"height:21px\" aria-hidden=\"true\" class=\"wp-block-spacer\"><\/div>\n\n\n\n<p>Schon vor Beginn war die Aufregung bei den Kandidatinnen und Kandidaten deutlich zu sp\u00fcren. Dennoch meisterten alle ihre Vortr\u00e4ge mit viel Konzentration und Einsatz. Jede Teilnehmerin und jeder Teilnehmer las eine plattdeutsche Geschichte aus einem kleinen, vorgefertigten Wettbewerbsbuch vor. Dabei wurden ganz unterschiedliche Texte pr\u00e4sentiert, darunter unterhaltsame und spannende Geschichten wie \u00bbDor geiht nix \u00f6ver Football\u00ab, \u00bbMien lustige Familie\u00ab und \u00bbDie B\u00fcrgschaft\u00ab. Beim Vorlesen legte die Jury besonderen Wert auf ein langsames und deutliches Lesetempo, eine klare und saubere Aussprache, eine passende Betonung sowie auf lautes und verst\u00e4ndliches Sprechen. Alle diese Kriterien wurden beim Vorlesen von den Sch\u00fclerinnen und Sch\u00fclern mit Engagement umgesetzt.<\/p>\n\n\n\n<p>In der Wettbewerbsgruppe der Jahrg\u00e4nge 5 bis 7 traten Sinje, Milla, Swetlana, Mira und Johan gegeneinander an. Nach ihrem Vorlesen und einer intensiven Beratung der Jury stand schlie\u00dflich die Platzierung fest. Den vierten Platz belegten Swetlana und Johan gemeinsam. Platz drei belegte Milla und Platz zwei Sinje. Mit ihrem gelungenen Vortrag konnte sich Mira den ersten Platz sichern und sich damit f\u00fcr die n\u00e4chste Runde des Wettbewerbs qualifizieren.<\/p>\n\n\n\n<div class=\"wp-block-columns is-layout-flex wp-container-7 wp-block-columns-is-layout-flex\">\n<div class=\"wp-block-column is-layout-flow wp-block-column-is-layout-flow\">\n<figure class=\"wp-block-image size-large is-style-rounded\"><img decoding=\"async\" loading=\"lazy\" width=\"768\" height=\"1024\" src=\"https:\/\/peterustinovschule.de\/wp-content\/uploads\/2026\/01\/IMG_1806-1-768x1024.jpg\" alt=\"\" class=\"wp-image-5068\" srcset=\"https:\/\/peterustinovschule.de\/wp-content\/uploads\/2026\/01\/IMG_1806-1-768x1024.jpg 768w, https:\/\/peterustinovschule.de\/wp-content\/uploads\/2026\/01\/IMG_1806-1-225x300.jpg 225w, https:\/\/peterustinovschule.de\/wp-content\/uploads\/2026\/01\/IMG_1806-1-1152x1536.jpg 1152w, https:\/\/peterustinovschule.de\/wp-content\/uploads\/2026\/01\/IMG_1806-1-1536x2048.jpg 1536w, https:\/\/peterustinovschule.de\/wp-content\/uploads\/2026\/01\/IMG_1806-1-scaled.jpg 1920w\" sizes=\"(max-width: 768px) 100vw, 768px\" \/><figcaption class=\"wp-element-caption\">Swetlana<\/figcaption><\/figure>\n<\/div>\n\n\n\n<div class=\"wp-block-column is-layout-flow wp-block-column-is-layout-flow\">\n<figure class=\"wp-block-image size-large is-style-rounded\"><img decoding=\"async\" loading=\"lazy\" width=\"768\" height=\"1024\" src=\"https:\/\/peterustinovschule.de\/wp-content\/uploads\/2026\/01\/IMG_1807-1-768x1024.jpg\" alt=\"\" class=\"wp-image-5069\" srcset=\"https:\/\/peterustinovschule.de\/wp-content\/uploads\/2026\/01\/IMG_1807-1-768x1024.jpg 768w, https:\/\/peterustinovschule.de\/wp-content\/uploads\/2026\/01\/IMG_1807-1-225x300.jpg 225w, https:\/\/peterustinovschule.de\/wp-content\/uploads\/2026\/01\/IMG_1807-1-1152x1536.jpg 1152w, https:\/\/peterustinovschule.de\/wp-content\/uploads\/2026\/01\/IMG_1807-1-1536x2048.jpg 1536w, https:\/\/peterustinovschule.de\/wp-content\/uploads\/2026\/01\/IMG_1807-1-scaled.jpg 1920w\" sizes=\"(max-width: 768px) 100vw, 768px\" \/><figcaption class=\"wp-element-caption\">Milla<\/figcaption><\/figure>\n<\/div>\n\n\n\n<div class=\"wp-block-column is-layout-flow wp-block-column-is-layout-flow\">\n<figure class=\"wp-block-image size-large is-style-rounded\"><img decoding=\"async\" loading=\"lazy\" width=\"768\" height=\"1024\" src=\"https:\/\/peterustinovschule.de\/wp-content\/uploads\/2026\/01\/IMG_1808-768x1024.jpg\" alt=\"\" class=\"wp-image-5070\" srcset=\"https:\/\/peterustinovschule.de\/wp-content\/uploads\/2026\/01\/IMG_1808-768x1024.jpg 768w, https:\/\/peterustinovschule.de\/wp-content\/uploads\/2026\/01\/IMG_1808-225x300.jpg 225w, https:\/\/peterustinovschule.de\/wp-content\/uploads\/2026\/01\/IMG_1808-1152x1536.jpg 1152w, https:\/\/peterustinovschule.de\/wp-content\/uploads\/2026\/01\/IMG_1808-1536x2048.jpg 1536w, https:\/\/peterustinovschule.de\/wp-content\/uploads\/2026\/01\/IMG_1808-scaled.jpg 1920w\" sizes=\"(max-width: 768px) 100vw, 768px\" \/><figcaption class=\"wp-element-caption\">Sinje<\/figcaption><\/figure>\n<\/div>\n<\/div>\n\n\n\n<div class=\"wp-block-columns is-layout-flex wp-container-11 wp-block-columns-is-layout-flex\">\n<div class=\"wp-block-column is-layout-flow wp-block-column-is-layout-flow\">\n<figure class=\"wp-block-image size-large is-style-rounded\"><img decoding=\"async\" loading=\"lazy\" width=\"768\" height=\"1024\" src=\"https:\/\/peterustinovschule.de\/wp-content\/uploads\/2026\/01\/IMG_1811-768x1024.jpg\" alt=\"\" class=\"wp-image-5072\" srcset=\"https:\/\/peterustinovschule.de\/wp-content\/uploads\/2026\/01\/IMG_1811-768x1024.jpg 768w, https:\/\/peterustinovschule.de\/wp-content\/uploads\/2026\/01\/IMG_1811-225x300.jpg 225w, https:\/\/peterustinovschule.de\/wp-content\/uploads\/2026\/01\/IMG_1811-1152x1536.jpg 1152w, https:\/\/peterustinovschule.de\/wp-content\/uploads\/2026\/01\/IMG_1811-1536x2048.jpg 1536w, https:\/\/peterustinovschule.de\/wp-content\/uploads\/2026\/01\/IMG_1811-scaled.jpg 1920w\" sizes=\"(max-width: 768px) 100vw, 768px\" \/><figcaption class=\"wp-element-caption\">Mira<\/figcaption><\/figure>\n<\/div>\n\n\n\n<div class=\"wp-block-column is-layout-flow wp-block-column-is-layout-flow\">\n<figure class=\"wp-block-image size-large is-style-rounded\"><img decoding=\"async\" loading=\"lazy\" width=\"768\" height=\"1024\" src=\"https:\/\/peterustinovschule.de\/wp-content\/uploads\/2026\/01\/IMG_1810-768x1024.jpg\" alt=\"\" class=\"wp-image-5071\" srcset=\"https:\/\/peterustinovschule.de\/wp-content\/uploads\/2026\/01\/IMG_1810-768x1024.jpg 768w, https:\/\/peterustinovschule.de\/wp-content\/uploads\/2026\/01\/IMG_1810-225x300.jpg 225w, https:\/\/peterustinovschule.de\/wp-content\/uploads\/2026\/01\/IMG_1810-1152x1536.jpg 1152w, https:\/\/peterustinovschule.de\/wp-content\/uploads\/2026\/01\/IMG_1810-1536x2048.jpg 1536w, https:\/\/peterustinovschule.de\/wp-content\/uploads\/2026\/01\/IMG_1810-scaled.jpg 1920w\" sizes=\"(max-width: 768px) 100vw, 768px\" \/><figcaption class=\"wp-element-caption\">Johan<\/figcaption><\/figure>\n<\/div>\n\n\n\n<div class=\"wp-block-column is-layout-flow wp-block-column-is-layout-flow\">\n<figure class=\"wp-block-image size-large is-style-rounded\"><img decoding=\"async\" loading=\"lazy\" width=\"768\" height=\"1024\" src=\"https:\/\/peterustinovschule.de\/wp-content\/uploads\/2026\/01\/IMG_1812-768x1024.jpg\" alt=\"\" class=\"wp-image-5073\" srcset=\"https:\/\/peterustinovschule.de\/wp-content\/uploads\/2026\/01\/IMG_1812-768x1024.jpg 768w, https:\/\/peterustinovschule.de\/wp-content\/uploads\/2026\/01\/IMG_1812-225x300.jpg 225w, https:\/\/peterustinovschule.de\/wp-content\/uploads\/2026\/01\/IMG_1812-1152x1536.jpg 1152w, https:\/\/peterustinovschule.de\/wp-content\/uploads\/2026\/01\/IMG_1812-1536x2048.jpg 1536w, https:\/\/peterustinovschule.de\/wp-content\/uploads\/2026\/01\/IMG_1812-scaled.jpg 1920w\" sizes=\"(max-width: 768px) 100vw, 768px\" \/><figcaption class=\"wp-element-caption\">Line<\/figcaption><\/figure>\n<\/div>\n<\/div>\n\n\n\n<div style=\"height:22px\" aria-hidden=\"true\" class=\"wp-block-spacer\"><\/div>\n\n\n\n<p>In der Altersgruppe der Jahrg\u00e4nge 8 bis 10 nahm Line am Wettbewerb teil. Sie \u00fcberzeugte die Jury mit einem sicheren und ausdrucksstarken Vortrag und erreichte den ersten Platz. Auch Line darf den Wettbewerb in der n\u00e4chsten Runde fortsetzen und unsere Schule weiter vertreten.<br>Der Leseplattdeutschwettbewerb \u00bbSch\u00f6lers leest platt\u00ab war insgesamt eine sehr gelungene Veranstaltung, die nicht nur den Spa\u00df am Vorlesen, sondern auch das Interesse an der plattdeutschen Sprache st\u00e4rkte. Wir bedanken uns bei allen Teilnehmenden, der Jury, sowie den betreuenden Lehrkr\u00e4ften und freuen uns bereits auf die n\u00e4chste Runde des Wettbewerbs.<\/p>\n\n\n\n<div class=\"wp-block-columns is-layout-flex wp-container-13 wp-block-columns-is-layout-flex\">\n<div class=\"wp-block-column is-layout-flow wp-block-column-is-layout-flow\">\n<figure class=\"wp-block-image size-large is-style-rounded\"><img decoding=\"async\" loading=\"lazy\" width=\"1024\" height=\"768\" src=\"https:\/\/peterustinovschule.de\/wp-content\/uploads\/2026\/01\/IMG_1818-2-1024x768.jpg\" alt=\"\" class=\"wp-image-5075\" srcset=\"https:\/\/peterustinovschule.de\/wp-content\/uploads\/2026\/01\/IMG_1818-2-1024x768.jpg 1024w, https:\/\/peterustinovschule.de\/wp-content\/uploads\/2026\/01\/IMG_1818-2-300x225.jpg 300w, https:\/\/peterustinovschule.de\/wp-content\/uploads\/2026\/01\/IMG_1818-2-768x576.jpg 768w, https:\/\/peterustinovschule.de\/wp-content\/uploads\/2026\/01\/IMG_1818-2-1536x1152.jpg 1536w, https:\/\/peterustinovschule.de\/wp-content\/uploads\/2026\/01\/IMG_1818-2-2048x1536.jpg 2048w, https:\/\/peterustinovschule.de\/wp-content\/uploads\/2026\/01\/IMG_1818-2-400x300.jpg 400w\" sizes=\"(max-width: 1024px) 100vw, 1024px\" \/><\/figure>\n<\/div>\n<\/div>\n\n\n\n<p><\/p>\n\n\n\n<p><\/p>\n\n\n\n<p>Text: Lina Pultermann, 9c<\/p>\n\n\n\n<p>Fotos: Maren Burau<\/p>\n","protected":false},"excerpt":{"rendered":"<p>Ein Artikel von Lina Pultermann, Klasse 9c Am 14. Januar 2026 fand an unserer Schule der interne Leseplattdeutschwettbewerb \u00bbSch\u00f6ler leest platt\u00ab statt. Ziel des Wettbewerbs &hellip;<\/p>\n","protected":false},"author":1,"featured_media":5075,"comment_status":"closed","ping_status":"","sticky":false,"template":"","format":"standard","meta":{"footnotes":""},"categories":[1,15,67],"tags":[],"_links":{"self":[{"href":"https:\/\/peterustinovschule.de\/index.php?rest_route=\/wp\/v2\/posts\/5062"}],"collection":[{"href":"https:\/\/peterustinovschule.de\/index.php?rest_route=\/wp\/v2\/posts"}],"about":[{"href":"https:\/\/peterustinovschule.de\/index.php?rest_route=\/wp\/v2\/types\/post"}],"author":[{"embeddable":true,"href":"https:\/\/peterustinovschule.de\/index.php?rest_route=\/wp\/v2\/users\/1"}],"replies":[{"embeddable":true,"href":"https:\/\/peterustinovschule.de\/index.php?rest_route=%2Fwp%2Fv2%2Fcomments&post=5062"}],"version-history":[{"count":0,"href":"https:\/\/peterustinovschule.de\/index.php?rest_route=\/wp\/v2\/posts\/5062\/revisions"}],"wp:featuredmedia":[{"embeddable":true,"href":"https:\/\/peterustinovschule.de\/index.php?rest_route=\/wp\/v2\/media\/5075"}],"wp:attachment":[{"href":"https:\/\/peterustinovschule.de\/index.php?rest_route=%2Fwp%2Fv2%2Fmedia&parent=5062"}],"wp:term":[{"taxonomy":"category","embeddable":true,"href":"https:\/\/peterustinovschule.de\/index.php?rest_route=%2Fwp%2Fv2%2Fcategories&post=5062"},{"taxonomy":"post_tag","embeddable":true,"href":"https:\/\/peterustinovschule.de\/index.php?rest_route=%2Fwp%2Fv2%2Ftags&post=5062"}],"curies":[{"name":"wp","href":"https:\/\/api.w.org\/{rel}","templated":true}]}}