{"id":4105,"date":"2021-07-01T12:59:28","date_gmt":"2021-07-01T10:59:28","guid":{"rendered":"https:\/\/peterustinovschule.de\/?p=4105"},"modified":"2024-06-09T15:53:52","modified_gmt":"2024-06-09T13:53:52","slug":"schulabschluesse-2021","status":"publish","type":"post","link":"https:\/\/peterustinovschule.de\/?p=4105","title":{"rendered":"Schulabschl\u00fcsse 2021"},"content":{"rendered":"\n<p><strong>Abitur Profilklasse Biologie 13a \/ Fachabitur 12a<\/strong><\/p>\n\n\n\n<figure class=\"wp-block-image size-full\"><img decoding=\"async\" loading=\"lazy\" width=\"959\" height=\"638\" src=\"https:\/\/peterustinovschule.de\/wp-content\/uploads\/2024\/05\/Screenshot-2024-05-26-122842.png\" alt=\"\" class=\"wp-image-4106\" srcset=\"https:\/\/peterustinovschule.de\/wp-content\/uploads\/2024\/05\/Screenshot-2024-05-26-122842.png 959w, https:\/\/peterustinovschule.de\/wp-content\/uploads\/2024\/05\/Screenshot-2024-05-26-122842-300x200.png 300w, https:\/\/peterustinovschule.de\/wp-content\/uploads\/2024\/05\/Screenshot-2024-05-26-122842-768x511.png 768w, https:\/\/peterustinovschule.de\/wp-content\/uploads\/2024\/05\/Screenshot-2024-05-26-122842-451x300.png 451w\" sizes=\"(max-width: 959px) 100vw, 959px\" \/><\/figure>\n\n\n\n<p><strong>Abitur Profilklasse 13a:<\/strong><br>Leonie Bleyer, Zanel Br\u00fcnig, Johanna Clausen, Thies Colmorgen, Torben Engel, Luisa Christin Falkenhagen, Lina Fischer, Luca Nicolas Fleck, Moritz Giencke, Tristan G\u00fcssow, Carla Hackradt, Connor Janssen, Marian Lewerenz, Marit Marie Peymann, Dilan Sayid Khalil, Hanna Vogel, Ilina Sophy Wegner, Jerk Ole Wegner, Lisa Wienrich, Lucie Wienrich, Marit Wohlenberg<\/p>\n\n\n\n<p><strong>Fachabitur 12a:<\/strong><br>Lukas Edelmann, Daria Ehlers, Jonas Andr\u00e9 Jensen, Max Oliver R\u00f6nnau, Nyree Imogen Suddick, Aaron Unfried<\/p>\n\n\n\n<div style=\"height:100px\" aria-hidden=\"true\" class=\"wp-block-spacer\"><\/div>\n\n\n\n<p><strong>Abitur Profilklasse Geschichte I 13b \/ Fachabitur 12b \/ Fachabitur 12b:<\/strong><\/p>\n\n\n\n<figure class=\"wp-block-image size-full\"><img decoding=\"async\" loading=\"lazy\" width=\"960\" height=\"641\" src=\"https:\/\/peterustinovschule.de\/wp-content\/uploads\/2024\/05\/Screenshot-2024-05-26-122852.png\" alt=\"\" class=\"wp-image-4107\" srcset=\"https:\/\/peterustinovschule.de\/wp-content\/uploads\/2024\/05\/Screenshot-2024-05-26-122852.png 960w, https:\/\/peterustinovschule.de\/wp-content\/uploads\/2024\/05\/Screenshot-2024-05-26-122852-300x200.png 300w, https:\/\/peterustinovschule.de\/wp-content\/uploads\/2024\/05\/Screenshot-2024-05-26-122852-768x513.png 768w, https:\/\/peterustinovschule.de\/wp-content\/uploads\/2024\/05\/Screenshot-2024-05-26-122852-449x300.png 449w\" sizes=\"(max-width: 960px) 100vw, 960px\" \/><\/figure>\n\n\n\n<p><strong>Abitur Profilklasse Geschichte:<\/strong><br>Melanie Amelung, Giona Joshua Belvedere, Jan-Hendric Biegemann, Kim Melina B\u00f6hm, Neele Bose, Leif Dunkel, Philip Ehlers, Nefel G\u00f6z, Arwin Herkt, Xenia Heting, Annkatrin Holst, Jasmin Juchelka, Kim Sophie Kappert, Josh Lennard Lienh\u00f6ft, Till Maas, Kimberly Matthiesen, Pauline Marie M\u00fcnchow, Katharina Rottscholl, Jerome Sawitzki, Laurids Sch\u00e4fer, Liv Grete Stolle, Luisa Tams, Julian Tepper, Jannik Thiesen, Mia Timm<\/p>\n\n\n\n<p><strong>Fachabitur 12b:<\/strong><br>Jella Sophie Claus, Thomas Gulistani, Thore Heinrich Harmel, Delina Jabari, Reik J\u00fcrgensen, Vanessa No\u00dfbach<\/p>\n\n\n\n<div style=\"height:100px\" aria-hidden=\"true\" class=\"wp-block-spacer\"><\/div>\n\n\n\n<p><strong>Abitur Profilklasse Geschichte II 13c:<\/strong><\/p>\n\n\n\n<figure class=\"wp-block-image size-full\"><img decoding=\"async\" loading=\"lazy\" width=\"957\" height=\"635\" src=\"https:\/\/peterustinovschule.de\/wp-content\/uploads\/2024\/05\/Screenshot-2024-05-26-122859.png\" alt=\"\" class=\"wp-image-4108\" srcset=\"https:\/\/peterustinovschule.de\/wp-content\/uploads\/2024\/05\/Screenshot-2024-05-26-122859.png 957w, https:\/\/peterustinovschule.de\/wp-content\/uploads\/2024\/05\/Screenshot-2024-05-26-122859-300x199.png 300w, https:\/\/peterustinovschule.de\/wp-content\/uploads\/2024\/05\/Screenshot-2024-05-26-122859-768x510.png 768w, https:\/\/peterustinovschule.de\/wp-content\/uploads\/2024\/05\/Screenshot-2024-05-26-122859-452x300.png 452w\" sizes=\"(max-width: 957px) 100vw, 957px\" \/><\/figure>\n\n\n\n<p>Julia-Denize Brennmaehl, Johannes Brockhaus, Emina Dukadjinac, Luke Fischer, Marlon Greve, Annika Heimrich, Sead Ibric, Lisa Jansen, Nils Je\u00df, Till Benjamin Kersten, Rike Klameth, Marten Klippe, Lisa Charlotte Kruse, Eike Leckband, Sinan Kirik, Linus Kunze, Emma Lauenstein, Antonia Maria Medved, Noemi Adriana Pfeffer, Melf Quedens, Janina Sachau, Lennart Schramm, Jarne Stammnitz, Line Zyball<\/p>\n\n\n\n<div style=\"height:100px\" aria-hidden=\"true\" class=\"wp-block-spacer\"><\/div>\n\n\n\n<p><strong>Abitur Profilklasse Biologie\/Kunst 13d:<\/strong><\/p>\n\n\n\n<figure class=\"wp-block-image size-full\"><img decoding=\"async\" loading=\"lazy\" width=\"958\" height=\"636\" src=\"https:\/\/peterustinovschule.de\/wp-content\/uploads\/2024\/05\/Screenshot-2024-05-26-122906.png\" alt=\"\" class=\"wp-image-4109\" srcset=\"https:\/\/peterustinovschule.de\/wp-content\/uploads\/2024\/05\/Screenshot-2024-05-26-122906.png 958w, https:\/\/peterustinovschule.de\/wp-content\/uploads\/2024\/05\/Screenshot-2024-05-26-122906-300x199.png 300w, https:\/\/peterustinovschule.de\/wp-content\/uploads\/2024\/05\/Screenshot-2024-05-26-122906-768x510.png 768w, https:\/\/peterustinovschule.de\/wp-content\/uploads\/2024\/05\/Screenshot-2024-05-26-122906-452x300.png 452w\" sizes=\"(max-width: 958px) 100vw, 958px\" \/><\/figure>\n\n\n\n<p>Lena Katrin Arnold, Lucie Patricia Bade, Tatjana Betz, Paulina Claire Feuerhak, Julia Grebenjuk, Ronja Hauling, Lasse Leon Jacobs, Florian Kleine-Doepke, Emily Krein, Selma Leippe, Marcel Michel, Elisa Pahl, Malin Johanna Peymann, Laila Preissinger, Tahia Doreen Schmidt, Yannik Schmidt, Sofie Sch\u00f6ter, Paul Winkler<\/p>\n\n\n\n<div style=\"height:100px\" aria-hidden=\"true\" class=\"wp-block-spacer\"><\/div>\n\n\n\n<p><strong>Mittlerer Schulabschluss 10a\/b:<\/strong><\/p>\n\n\n\n<figure class=\"wp-block-image size-full\"><img decoding=\"async\" loading=\"lazy\" width=\"959\" height=\"638\" src=\"https:\/\/peterustinovschule.de\/wp-content\/uploads\/2024\/05\/Screenshot-2024-05-26-122912.png\" alt=\"\" class=\"wp-image-4110\" srcset=\"https:\/\/peterustinovschule.de\/wp-content\/uploads\/2024\/05\/Screenshot-2024-05-26-122912.png 959w, https:\/\/peterustinovschule.de\/wp-content\/uploads\/2024\/05\/Screenshot-2024-05-26-122912-300x200.png 300w, https:\/\/peterustinovschule.de\/wp-content\/uploads\/2024\/05\/Screenshot-2024-05-26-122912-768x511.png 768w, https:\/\/peterustinovschule.de\/wp-content\/uploads\/2024\/05\/Screenshot-2024-05-26-122912-451x300.png 451w\" sizes=\"(max-width: 959px) 100vw, 959px\" \/><\/figure>\n\n\n\n<p>Hussein Alkhader, Leif Ole Br\u00fcgmann, Laura Feige, Toby Greis, Ravi Dorje John, Thore Kambies, Vincent Ko\u00dfakowski, Jule L\u00f6hndorf, Finja Ludwar, Erik Nachtigal, Paula Wesemann, L\u00e9on Alexander Wiese<\/p>\n\n\n\n<div style=\"height:100px\" aria-hidden=\"true\" class=\"wp-block-spacer\"><\/div>\n\n\n\n<p><strong>Mittlerer Schulabschluss 10c\/d:<\/strong><\/p>\n\n\n\n<figure class=\"wp-block-image size-full\"><img decoding=\"async\" loading=\"lazy\" width=\"959\" height=\"640\" src=\"https:\/\/peterustinovschule.de\/wp-content\/uploads\/2024\/05\/Screenshot-2024-05-26-122918.png\" alt=\"\" class=\"wp-image-4111\" srcset=\"https:\/\/peterustinovschule.de\/wp-content\/uploads\/2024\/05\/Screenshot-2024-05-26-122918.png 959w, https:\/\/peterustinovschule.de\/wp-content\/uploads\/2024\/05\/Screenshot-2024-05-26-122918-300x200.png 300w, https:\/\/peterustinovschule.de\/wp-content\/uploads\/2024\/05\/Screenshot-2024-05-26-122918-768x513.png 768w, https:\/\/peterustinovschule.de\/wp-content\/uploads\/2024\/05\/Screenshot-2024-05-26-122918-450x300.png 450w\" sizes=\"(max-width: 959px) 100vw, 959px\" \/><\/figure>\n\n\n\n<p>Shahed Alsheikh, Ben Clau\u00dfen, Andi Gashi, Timon Nicolas Groth, Morten Lennon Hagemann, Annika Hansen, Cedric Herwig, Robin Nicolas Kraffczyk, Siska Maria Link, Alina Lorenz, Jona-Paul L\u00fcthje, Niklas Marquardt, Merle Nielsen, Rike Marie Preu\u00df, Kiara Marie Schubbe<\/p>\n\n\n\n<div style=\"height:100px\" aria-hidden=\"true\" class=\"wp-block-spacer\"><\/div>\n\n\n\n<p><strong>Erster allgemeinbildender Schulabschluss:<\/strong><\/p>\n\n\n\n<figure class=\"wp-block-image size-full\"><img decoding=\"async\" loading=\"lazy\" width=\"956\" height=\"637\" src=\"https:\/\/peterustinovschule.de\/wp-content\/uploads\/2024\/05\/Screenshot-2024-05-26-122924.png\" alt=\"\" class=\"wp-image-4112\" srcset=\"https:\/\/peterustinovschule.de\/wp-content\/uploads\/2024\/05\/Screenshot-2024-05-26-122924.png 956w, https:\/\/peterustinovschule.de\/wp-content\/uploads\/2024\/05\/Screenshot-2024-05-26-122924-300x200.png 300w, https:\/\/peterustinovschule.de\/wp-content\/uploads\/2024\/05\/Screenshot-2024-05-26-122924-768x512.png 768w, https:\/\/peterustinovschule.de\/wp-content\/uploads\/2024\/05\/Screenshot-2024-05-26-122924-450x300.png 450w\" sizes=\"(max-width: 956px) 100vw, 956px\" \/><\/figure>\n\n\n\n<p>Janik Alkiewicz, Farhangiz Amini, Maximilian Deichsel, Dennis Eckert, Julien Feist, Louis-Luca Heylmann, Janne Bo Jochimsen, Veronika Nalmasov, Anny Nittel, Luca Elijah N\u00f6hren, Sophia Scheffler, Edonis Shabani, Alexander Sibbers, Mia Sterzinger, Romy Rosalie Tietje<\/p>\n","protected":false},"excerpt":{"rendered":"<p>Abitur Profilklasse Biologie 13a \/ Fachabitur 12a Abitur Profilklasse 13a:Leonie Bleyer, Zanel Br\u00fcnig, Johanna Clausen, Thies Colmorgen, Torben Engel, Luisa Christin Falkenhagen, Lina Fischer, Luca &hellip;<\/p>\n","protected":false},"author":1,"featured_media":4107,"comment_status":"closed","ping_status":"","sticky":false,"template":"","format":"standard","meta":{"footnotes":""},"categories":[13,51,59],"tags":[],"_links":{"self":[{"href":"https:\/\/peterustinovschule.de\/index.php?rest_route=\/wp\/v2\/posts\/4105"}],"collection":[{"href":"https:\/\/peterustinovschule.de\/index.php?rest_route=\/wp\/v2\/posts"}],"about":[{"href":"https:\/\/peterustinovschule.de\/index.php?rest_route=\/wp\/v2\/types\/post"}],"author":[{"embeddable":true,"href":"https:\/\/peterustinovschule.de\/index.php?rest_route=\/wp\/v2\/users\/1"}],"replies":[{"embeddable":true,"href":"https:\/\/peterustinovschule.de\/index.php?rest_route=%2Fwp%2Fv2%2Fcomments&post=4105"}],"version-history":[{"count":0,"href":"https:\/\/peterustinovschule.de\/index.php?rest_route=\/wp\/v2\/posts\/4105\/revisions"}],"wp:featuredmedia":[{"embeddable":true,"href":"https:\/\/peterustinovschule.de\/index.php?rest_route=\/wp\/v2\/media\/4107"}],"wp:attachment":[{"href":"https:\/\/peterustinovschule.de\/index.php?rest_route=%2Fwp%2Fv2%2Fmedia&parent=4105"}],"wp:term":[{"taxonomy":"category","embeddable":true,"href":"https:\/\/peterustinovschule.de\/index.php?rest_route=%2Fwp%2Fv2%2Fcategories&post=4105"},{"taxonomy":"post_tag","embeddable":true,"href":"https:\/\/peterustinovschule.de\/index.php?rest_route=%2Fwp%2Fv2%2Ftags&post=4105"}],"curies":[{"name":"wp","href":"https:\/\/api.w.org\/{rel}","templated":true}]}}