{"id":2937,"date":"2023-06-18T21:01:06","date_gmt":"2023-06-18T19:01:06","guid":{"rendered":"https:\/\/peterustinovschule.de\/?p=2937"},"modified":"2023-10-03T16:09:44","modified_gmt":"2023-10-03T14:09:44","slug":"poetry-slam-an-der-pus-workshop-mit-kieler-slammer-bjoern-hoegsdal","status":"publish","type":"post","link":"https:\/\/peterustinovschule.de\/?p=2937","title":{"rendered":"Poetry Slam an der PUS: Workshop mit Kieler Slammer Bj\u00f6rn H\u00f6gsdal"},"content":{"rendered":"\n<div class=\"wp-block-columns is-layout-flex wp-container-3 wp-block-columns-is-layout-flex\">\n<div class=\"wp-block-column is-layout-flow wp-block-column-is-layout-flow\">\n<figure class=\"wp-block-image size-large\"><img decoding=\"async\" loading=\"lazy\" width=\"794\" height=\"1024\" src=\"https:\/\/peterustinovschule.de\/wp-content\/uploads\/2023\/06\/Screenshot-2023-06-18-205717-794x1024.png\" alt=\"\" class=\"wp-image-2940\" srcset=\"https:\/\/peterustinovschule.de\/wp-content\/uploads\/2023\/06\/Screenshot-2023-06-18-205717-794x1024.png 794w, https:\/\/peterustinovschule.de\/wp-content\/uploads\/2023\/06\/Screenshot-2023-06-18-205717-233x300.png 233w, https:\/\/peterustinovschule.de\/wp-content\/uploads\/2023\/06\/Screenshot-2023-06-18-205717-768x990.png 768w, https:\/\/peterustinovschule.de\/wp-content\/uploads\/2023\/06\/Screenshot-2023-06-18-205717.png 829w\" sizes=\"(max-width: 794px) 100vw, 794px\" \/><\/figure>\n<\/div>\n\n\n\n<div class=\"wp-block-column is-layout-flow wp-block-column-is-layout-flow\">\n<figure class=\"wp-block-image size-large is-resized\"><img decoding=\"async\" loading=\"lazy\" src=\"https:\/\/peterustinovschule.de\/wp-content\/uploads\/2023\/06\/Screenshot-2023-06-18-205853-765x1024.png\" alt=\"\" class=\"wp-image-2941\" width=\"365\" height=\"488\" srcset=\"https:\/\/peterustinovschule.de\/wp-content\/uploads\/2023\/06\/Screenshot-2023-06-18-205853-765x1024.png 765w, https:\/\/peterustinovschule.de\/wp-content\/uploads\/2023\/06\/Screenshot-2023-06-18-205853-224x300.png 224w, https:\/\/peterustinovschule.de\/wp-content\/uploads\/2023\/06\/Screenshot-2023-06-18-205853-768x1028.png 768w, https:\/\/peterustinovschule.de\/wp-content\/uploads\/2023\/06\/Screenshot-2023-06-18-205853.png 850w\" sizes=\"(max-width: 365px) 100vw, 365px\" \/><\/figure>\n<\/div>\n<\/div>\n\n\n\n<p>Am Freitag, den 26. Mai, rauchten die K\u00f6pfe in der Oase der PUS. Slam-Poet Bj\u00f6rn H\u00f6gsdal bereitet in einem Workshop Sch\u00fcler und Lehrkr\u00e4fte auf den anstehenden Poetry Slam vor.<\/p>\n\n\n\n<p>In der letzten Woche vor den Sommerferien findet der erste Poetry Slam in der Aula der Peter-Ustinov-Schule statt. Dabei treten Sch\u00fcler und Sch\u00fclerinnen aus den h\u00f6heren Jahrg\u00e4ngen mit ihren selbstgeschriebenen Texten gegeneinander an. Auch einige interessierte Lehrkr\u00e4fte haben sich angemeldet, die aber au\u00dferhalb der Bewertung teilnehmen werden.<\/p>\n\n\n\n<p>Damit sich alle ein wenig vorbereiteter f\u00fcr den gro\u00dfen Auftritt f\u00fchlen, fand am letzten Freitag ein Workshop mit Slam-Poet Bj\u00f6rn H\u00f6gsdal statt. Bj\u00f6rn ist ein h\u00e4ufig gesehenes Gesicht auf den Poetry Slam B\u00fchnen in Deutschland und ist insbesondere in Kieler Literaturkreisen f\u00fcr seine satirischen Texte und Moderationen bekannt. Mit Beispieltexten leitete er den Workshop ein und machte den Teilnehmenden deutlich, worauf es bei einem guten Text ankommt: Originalit\u00e4t. Wie diese zu schaffen ist, das h\u00e4ngt ganz von dem ab, der ihn schreibt. Der Kreativit\u00e4t sind dabei keine Grenzen gesetzt. Ob man aus der Perspektive seines Haustiers eine Gesellschaftskritik verfasst, eine banale Alltagssituation mit einer gro\u00dfen Portion Sarkasmus und \u00dcbertreibungen darstellt oder auch besonders ber\u00fchrende Momente darstellt \u2013 wichtig ist, dass es das Publikum bewegt oder zum Lachen bringt.<\/p>\n\n\n\n<p>Nach einem Theorie-Input durften die Teilnehmenden dann selbst zum Stift greifen. Trotz des Zeitdrucks (oder gerade aufgrund der mangelnden Zeit), entstanden inspirierende Texte, die vielf\u00e4ltiger kaum sein konnten. W\u00e4hrend eine ihrem Unmut gegen\u00fcber Campingurlaub Luft machte, beschrieb die andere welch positiven Einfluss das j\u00e4hrliche Zeltlager auf ihr bisheriges Leben hatte. Es wurde \u00fcber das Erwachsenwerden geschrieben und die erste gro\u00dfe Liebe, aber auch \u00fcber die Klimakrise und den Schulalltag.<\/p>\n\n\n\n<p>Der Workshop lieferte viele Denkanst\u00f6\u00dfe und der ein oder andere ging mit einer groben Vorstellung von einem Text f\u00fcr den gro\u00dfen Auftritt Mitte Juli aus der Oase der PUS.<\/p>\n\n\n\n<p>Text und Bilder: Frederike K\u00f6hl<\/p>\n\n\n\n<div class=\"wp-block-columns is-layout-flex wp-container-6 wp-block-columns-is-layout-flex\">\n<div class=\"wp-block-column is-layout-flow wp-block-column-is-layout-flow\">\n<figure class=\"wp-block-image size-full\"><img decoding=\"async\" loading=\"lazy\" width=\"838\" height=\"724\" src=\"https:\/\/peterustinovschule.de\/wp-content\/uploads\/2023\/06\/Screenshot-2023-06-18-205751.png\" alt=\"\" class=\"wp-image-2942\" srcset=\"https:\/\/peterustinovschule.de\/wp-content\/uploads\/2023\/06\/Screenshot-2023-06-18-205751.png 838w, https:\/\/peterustinovschule.de\/wp-content\/uploads\/2023\/06\/Screenshot-2023-06-18-205751-300x259.png 300w, https:\/\/peterustinovschule.de\/wp-content\/uploads\/2023\/06\/Screenshot-2023-06-18-205751-768x664.png 768w\" sizes=\"(max-width: 838px) 100vw, 838px\" \/><\/figure>\n\n\n\n<figure class=\"wp-block-image size-large\"><img decoding=\"async\" loading=\"lazy\" width=\"765\" height=\"1024\" src=\"https:\/\/peterustinovschule.de\/wp-content\/uploads\/2023\/06\/Screenshot-2023-06-18-205835-765x1024.png\" alt=\"\" class=\"wp-image-2944\" srcset=\"https:\/\/peterustinovschule.de\/wp-content\/uploads\/2023\/06\/Screenshot-2023-06-18-205835-765x1024.png 765w, https:\/\/peterustinovschule.de\/wp-content\/uploads\/2023\/06\/Screenshot-2023-06-18-205835-224x300.png 224w, https:\/\/peterustinovschule.de\/wp-content\/uploads\/2023\/06\/Screenshot-2023-06-18-205835-768x1028.png 768w, https:\/\/peterustinovschule.de\/wp-content\/uploads\/2023\/06\/Screenshot-2023-06-18-205835.png 850w\" sizes=\"(max-width: 765px) 100vw, 765px\" \/><\/figure>\n<\/div>\n\n\n\n<div class=\"wp-block-column is-layout-flow wp-block-column-is-layout-flow\">\n<figure class=\"wp-block-image size-large\"><img decoding=\"async\" loading=\"lazy\" width=\"768\" height=\"1024\" src=\"https:\/\/peterustinovschule.de\/wp-content\/uploads\/2023\/06\/Screenshot-2023-06-18-205815-768x1024.png\" alt=\"\" class=\"wp-image-2943\" srcset=\"https:\/\/peterustinovschule.de\/wp-content\/uploads\/2023\/06\/Screenshot-2023-06-18-205815-768x1024.png 768w, https:\/\/peterustinovschule.de\/wp-content\/uploads\/2023\/06\/Screenshot-2023-06-18-205815-225x300.png 225w, https:\/\/peterustinovschule.de\/wp-content\/uploads\/2023\/06\/Screenshot-2023-06-18-205815.png 849w\" sizes=\"(max-width: 768px) 100vw, 768px\" \/><\/figure>\n<\/div>\n<\/div>\n","protected":false},"excerpt":{"rendered":"<p>Am Freitag, den 26. Mai, rauchten die K\u00f6pfe in der Oase der PUS. Slam-Poet Bj\u00f6rn H\u00f6gsdal bereitet in einem Workshop Sch\u00fcler und Lehrkr\u00e4fte auf den &hellip;<\/p>\n","protected":false},"author":1,"featured_media":2940,"comment_status":"closed","ping_status":"","sticky":false,"template":"","format":"standard","meta":{"footnotes":""},"categories":[15,42],"tags":[53,54],"_links":{"self":[{"href":"https:\/\/peterustinovschule.de\/index.php?rest_route=\/wp\/v2\/posts\/2937"}],"collection":[{"href":"https:\/\/peterustinovschule.de\/index.php?rest_route=\/wp\/v2\/posts"}],"about":[{"href":"https:\/\/peterustinovschule.de\/index.php?rest_route=\/wp\/v2\/types\/post"}],"author":[{"embeddable":true,"href":"https:\/\/peterustinovschule.de\/index.php?rest_route=\/wp\/v2\/users\/1"}],"replies":[{"embeddable":true,"href":"https:\/\/peterustinovschule.de\/index.php?rest_route=%2Fwp%2Fv2%2Fcomments&post=2937"}],"version-history":[{"count":0,"href":"https:\/\/peterustinovschule.de\/index.php?rest_route=\/wp\/v2\/posts\/2937\/revisions"}],"wp:featuredmedia":[{"embeddable":true,"href":"https:\/\/peterustinovschule.de\/index.php?rest_route=\/wp\/v2\/media\/2940"}],"wp:attachment":[{"href":"https:\/\/peterustinovschule.de\/index.php?rest_route=%2Fwp%2Fv2%2Fmedia&parent=2937"}],"wp:term":[{"taxonomy":"category","embeddable":true,"href":"https:\/\/peterustinovschule.de\/index.php?rest_route=%2Fwp%2Fv2%2Fcategories&post=2937"},{"taxonomy":"post_tag","embeddable":true,"href":"https:\/\/peterustinovschule.de\/index.php?rest_route=%2Fwp%2Fv2%2Ftags&post=2937"}],"curies":[{"name":"wp","href":"https:\/\/api.w.org\/{rel}","templated":true}]}}