{"id":2862,"date":"2010-05-07T16:19:00","date_gmt":"2010-05-07T14:19:00","guid":{"rendered":"https:\/\/peterustinovschule.de\/?p=2862"},"modified":"2023-05-07T16:22:57","modified_gmt":"2023-05-07T14:22:57","slug":"schulabschluesse-2010","status":"publish","type":"post","link":"https:\/\/peterustinovschule.de\/?p=2862","title":{"rendered":"Schulabschl\u00fcsse 2010"},"content":{"rendered":"\n<p id=\"block-1f23f149-ce10-41ee-a55d-fd2eccc67664\"><strong>Die Abiturientinnen und Abiturienten 2010<\/strong><\/p>\n\n\n\n<figure class=\"wp-block-image size-full\" id=\"block-8070ae11-a467-4997-b05a-b9a59485a7ac\"><img decoding=\"async\" loading=\"lazy\" width=\"800\" height=\"533\" src=\"https:\/\/peterustinovschule.de\/wp-content\/uploads\/2023\/05\/DSC_0002.jpg\" alt=\"\" class=\"wp-image-2872\" srcset=\"https:\/\/peterustinovschule.de\/wp-content\/uploads\/2023\/05\/DSC_0002.jpg 800w, https:\/\/peterustinovschule.de\/wp-content\/uploads\/2023\/05\/DSC_0002-300x200.jpg 300w, https:\/\/peterustinovschule.de\/wp-content\/uploads\/2023\/05\/DSC_0002-768x512.jpg 768w\" sizes=\"(max-width: 800px) 100vw, 800px\" \/><\/figure>\n\n\n\n<p id=\"block-818dd44a-b9b7-4fb2-a4c8-f923fd453750\">Janine Bannick, Hendrik Bell, Jana Blaas, Jana Borngr\u00e4ber, Nikolai Brandt, Nele Brassat, Anna Brodersen, Maria Cizek, Christopher Coglan, Theresa Cunow, Isabella Anna Dabrowicz, Carina Dittmann, Dana Dohr, Nadine Dohrmann, Lena Duske, Denise Ehresmann, Clara Engel, Jan Ove Erichsen, Jimmy P. Foster, Justinus Max Goetze, Irina Gracev, Malte Grundmann, Robin Haarig, Christian Haber, Lasse Harrsen, Annika Harwerth, Jana-Dorothea Heesch, Sintje Hegemann, Fenja Heide, Fynn Hoffmann, Nils-Ole Homann, Melanie Ihrens, Jaqueline Incutto, Rabiatou Issifou, Laura Jacobsen, Lennard Jaich, Tristan Kennedy, Hannah Krause, Florian K\u00fcster, Jennifer Lach, Anne Lampersbach, Sarah Langholz, Christian Mahrt, Claudia M\u00f6nnig, Tamara Moor, Esther-Rabea Mosel, Tobias Neumann, Mersel Nuhiji, Jennifer Peeck, Benjamin Peinecke, Marcel Pocha, Salvatore Luca Pugliese, Tobias Reinhold, Hanna Rethwisch, Jona Reuthal, Frithjof Rohweder, Chris Rossow, Lisa Sander, Oliver-Tom Schliemann, Jennifer Schmidt, Sina Schulze, Marit Sch\u00fctte, Hanna Kristin Sell, Kai-Uwe Simon, Marlitt Stolz, Jana Tobian, Anna Vollertsen, Lennart Wilke, Olivia Wilkening, Finja Windmann, Kendra Wohlleben, Bj\u00f6rn Woizekowski, Alisa Woronow<\/p>\n\n\n\n<p><\/p>\n\n\n\n<div style=\"height:100px\" aria-hidden=\"true\" class=\"wp-block-spacer\"><\/div>\n\n\n\n<p id=\"block-a80e2a75-691d-46fa-900c-c2ee5b84dbdd\"><strong>Die Sch\u00fclerinnen und Sch\u00fcler mit Fachhochschulreife (schulischer Teil) 2010<\/strong><\/p>\n\n\n\n<figure class=\"wp-block-image size-full\" id=\"block-7cf79a73-13ed-42ca-8f13-5bf6ac749c7e\"><img decoding=\"async\" loading=\"lazy\" width=\"799\" height=\"525\" src=\"https:\/\/peterustinovschule.de\/wp-content\/uploads\/2023\/05\/Screenshot-2023-05-07-161504.png\" alt=\"\" class=\"wp-image-2865\" srcset=\"https:\/\/peterustinovschule.de\/wp-content\/uploads\/2023\/05\/Screenshot-2023-05-07-161504.png 799w, https:\/\/peterustinovschule.de\/wp-content\/uploads\/2023\/05\/Screenshot-2023-05-07-161504-300x197.png 300w, https:\/\/peterustinovschule.de\/wp-content\/uploads\/2023\/05\/Screenshot-2023-05-07-161504-768x505.png 768w\" sizes=\"(max-width: 799px) 100vw, 799px\" \/><\/figure>\n\n\n\n<p id=\"block-8be4ceaf-3237-4a80-b8eb-f87663762382\">Daniela J\u00fcrgensen, S\u00f6ren Sieh, Lorenz Thoms, Dennis Ungerer<\/p>\n\n\n\n<p><\/p>\n\n\n\n<div style=\"height:100px\" aria-hidden=\"true\" class=\"wp-block-spacer\"><\/div>\n\n\n\n<p id=\"block-f5fae86d-79dc-469d-bd61-499fdcb84923\"><strong>Die erfolgreichen Absolventinnen und Absolventen mit Realschulabschluss 2010<\/strong><\/p>\n\n\n\n<figure class=\"wp-block-image size-full\" id=\"block-3f6edb06-e5a0-48da-b72d-83d80c6e011c\"><img decoding=\"async\" loading=\"lazy\" width=\"790\" height=\"525\" src=\"https:\/\/peterustinovschule.de\/wp-content\/uploads\/2023\/05\/real-1.png\" alt=\"\" class=\"wp-image-2867\" srcset=\"https:\/\/peterustinovschule.de\/wp-content\/uploads\/2023\/05\/real-1.png 790w, https:\/\/peterustinovschule.de\/wp-content\/uploads\/2023\/05\/real-1-300x199.png 300w, https:\/\/peterustinovschule.de\/wp-content\/uploads\/2023\/05\/real-1-768x510.png 768w\" sizes=\"(max-width: 790px) 100vw, 790px\" \/><\/figure>\n\n\n\n<p>Tobias Bannick, Vanessa Bethune, Simon Clemens, Ronny Daszinnies, Hannah Eiben, Laura Maria Ehlers, Saskia Goos, Jana Grahl, Anna Laura Gr\u00fctzmacher, Fiene Hartmann, Helen Jessen, Malte K\u00e4hler, Ole Ketelsen, Julian Kock, Mirco K\u00f6ster, Merle Knuth, Ann-Christin Koch, Lydia Kuster, Thilo Lorenz, Madita Matth\u00e4us, Dennis Meyer, Benjamin Morhardt, Celina Paul, Kira Petersen, Marvin Ratzlaff, Julia Schaly, Jana Schirmacher, Helen Sophie Schumacher, Marcel S\u00f6nke, Melanie Steuer, Teja Teufel, Rebecca Thyrann, Leif Wegner, Carolin Werner, Dilan Yesil<br>(mit den Lehrkr\u00e4ften Sabine Berchim, Bettina Heidorn, Jan R\u00f6ttger und Ronny Schneider)<\/p>\n","protected":false},"excerpt":{"rendered":"<p>Die Abiturientinnen und Abiturienten 2010 Janine Bannick, Hendrik Bell, Jana Blaas, Jana Borngr\u00e4ber, Nikolai Brandt, Nele Brassat, Anna Brodersen, Maria Cizek, Christopher Coglan, Theresa Cunow, &hellip;<\/p>\n","protected":false},"author":1,"featured_media":2872,"comment_status":"closed","ping_status":"","sticky":false,"template":"","format":"standard","meta":{"footnotes":""},"categories":[13,38,44],"tags":[],"_links":{"self":[{"href":"https:\/\/peterustinovschule.de\/index.php?rest_route=\/wp\/v2\/posts\/2862"}],"collection":[{"href":"https:\/\/peterustinovschule.de\/index.php?rest_route=\/wp\/v2\/posts"}],"about":[{"href":"https:\/\/peterustinovschule.de\/index.php?rest_route=\/wp\/v2\/types\/post"}],"author":[{"embeddable":true,"href":"https:\/\/peterustinovschule.de\/index.php?rest_route=\/wp\/v2\/users\/1"}],"replies":[{"embeddable":true,"href":"https:\/\/peterustinovschule.de\/index.php?rest_route=%2Fwp%2Fv2%2Fcomments&post=2862"}],"version-history":[{"count":0,"href":"https:\/\/peterustinovschule.de\/index.php?rest_route=\/wp\/v2\/posts\/2862\/revisions"}],"wp:featuredmedia":[{"embeddable":true,"href":"https:\/\/peterustinovschule.de\/index.php?rest_route=\/wp\/v2\/media\/2872"}],"wp:attachment":[{"href":"https:\/\/peterustinovschule.de\/index.php?rest_route=%2Fwp%2Fv2%2Fmedia&parent=2862"}],"wp:term":[{"taxonomy":"category","embeddable":true,"href":"https:\/\/peterustinovschule.de\/index.php?rest_route=%2Fwp%2Fv2%2Fcategories&post=2862"},{"taxonomy":"post_tag","embeddable":true,"href":"https:\/\/peterustinovschule.de\/index.php?rest_route=%2Fwp%2Fv2%2Ftags&post=2862"}],"curies":[{"name":"wp","href":"https:\/\/api.w.org\/{rel}","templated":true}]}}