{"id":2785,"date":"2023-03-30T15:10:07","date_gmt":"2023-03-30T13:10:07","guid":{"rendered":"https:\/\/peterustinovschule.de\/?p=2785"},"modified":"2023-10-03T16:11:55","modified_gmt":"2023-10-03T14:11:55","slug":"liebe-schuelerinnen-und-schueler-liebe-eltern","status":"publish","type":"post","link":"https:\/\/peterustinovschule.de\/?p=2785","title":{"rendered":"Elternbrief"},"content":{"rendered":"\n<p><\/p>\n\n\n\n<figure class=\"wp-block-image alignleft size-full is-resized is-style-rounded\"><img decoding=\"async\" loading=\"lazy\" src=\"https:\/\/peterustinovschule.de\/wp-content\/uploads\/2023\/03\/Easterbunny_1.jpg\" alt=\"\" class=\"wp-image-2786\" width=\"428\" height=\"428\" srcset=\"https:\/\/peterustinovschule.de\/wp-content\/uploads\/2023\/03\/Easterbunny_1.jpg 800w, https:\/\/peterustinovschule.de\/wp-content\/uploads\/2023\/03\/Easterbunny_1-300x300.jpg 300w, https:\/\/peterustinovschule.de\/wp-content\/uploads\/2023\/03\/Easterbunny_1-150x150.jpg 150w, https:\/\/peterustinovschule.de\/wp-content\/uploads\/2023\/03\/Easterbunny_1-768x768.jpg 768w\" sizes=\"(max-width: 428px) 100vw, 428px\" \/><figcaption class=\"wp-element-caption\">Superbass &#8211; Eigenes Werk\nCC BY-SA 4.0<\/figcaption><\/figure>\n\n\n\n<h2 class=\"wp-block-heading\"><strong>Liebe Sch\u00fclerinnen und Sch\u00fcler, liebe Eltern,<\/strong><\/h2>\n\n\n\n<p>nun haben wir den \u201elangen Block\u201c zwischen Weihnachts- und Osterferien fast geschafft und freuen uns bestimmt alle auf ein paar freie Tage.<\/p>\n\n\n\n<p>Ein paar terminliche Ank\u00fcndigungen und eine \u00c4nderung m\u00f6chte ich euch und Ihnen noch kurz mitteilen Zur Erinnerung: Mittwoch, der 17. Mai, der Tag vor Himmelfahrt, ist ein beweglicher Ferientag. Unseren 2. Schulentwicklungs-Tag dieses Schuljahres haben wir auf den 22. Mai gelegt. Das hei\u00dft, dass von Mittwoch, dem 17. Mai, bis einschlie\u00dflich Montag, dem 22. Mai, f\u00fcr euch Sch\u00fclerinnen und Sch\u00fcler kein Unterricht stattfinden wird. Der zweite bewegliche Ferientag dieses Schuljahres ist der 30. Mai, der Dienstag nach Pfingsten. Anders als im Jahresterminplan vermerkt wird die 2. Schulkonferenz erst am 8. Juni (um 18.00 Uhr) stattfinden (statt am 1. Juni). Und schlie\u00dflich wird am 26. und 27. Juni wegen der m\u00fcndlichen Abiturpr\u00fcfungen kein Unterricht sein.<\/p>\n\n\n\n<p>Wir sind dabei, eine Erweiterung unseres Vertretungsplans einzurichten; wir werden zus\u00e4tzlich zu dem IServ-Modul, das ihr und das Sie kennen, Webuntis einf\u00fchren (und mittelfristig ganz umstellen). Dazu erhaltet ihr Sch\u00fclerinnen und Sch\u00fcler in diesen Tagen \u00fcber eure Tutorinnen und Tutoren ein Informations-Schreiben und eurer Klassen-Passwort.<\/p>\n\n\n\n<p>Und schon mal zum Vormerken: Die Entlassungsfeier f\u00fcr unsere Abg\u00e4nger des 9., 10, 12. und 13. Jahrgangs wird am Donnerstag, dem 6. Juli, ab 14.00 Uhr stattfinden. Bis dahin dr\u00fccken wir euch bei den Pr\u00fcfungen zum ESA, zum MSA und zum Abitur alle Daumen!<\/p>\n\n\n\n<p>Ich w\u00fcnsche euch, Ihnen und uns sch\u00f6ne und erholsame Osterferien &#8211; in hoffentlich strahlendem Sonnenschein \ud83d\ude42<\/p>\n\n\n\n<p>Imke Freudenthal<\/p>\n\n\n\n<p><\/p>\n\n\n\n<p><\/p>\n","protected":false},"excerpt":{"rendered":"<p>Liebe Sch\u00fclerinnen und Sch\u00fcler, liebe Eltern, nun haben wir den \u201elangen Block\u201c zwischen Weihnachts- und Osterferien fast geschafft und freuen uns bestimmt alle auf ein &hellip;<\/p>\n","protected":false},"author":1,"featured_media":2786,"comment_status":"closed","ping_status":"","sticky":false,"template":"","format":"standard","meta":{"footnotes":""},"categories":[32],"tags":[52,55],"_links":{"self":[{"href":"https:\/\/peterustinovschule.de\/index.php?rest_route=\/wp\/v2\/posts\/2785"}],"collection":[{"href":"https:\/\/peterustinovschule.de\/index.php?rest_route=\/wp\/v2\/posts"}],"about":[{"href":"https:\/\/peterustinovschule.de\/index.php?rest_route=\/wp\/v2\/types\/post"}],"author":[{"embeddable":true,"href":"https:\/\/peterustinovschule.de\/index.php?rest_route=\/wp\/v2\/users\/1"}],"replies":[{"embeddable":true,"href":"https:\/\/peterustinovschule.de\/index.php?rest_route=%2Fwp%2Fv2%2Fcomments&post=2785"}],"version-history":[{"count":0,"href":"https:\/\/peterustinovschule.de\/index.php?rest_route=\/wp\/v2\/posts\/2785\/revisions"}],"wp:featuredmedia":[{"embeddable":true,"href":"https:\/\/peterustinovschule.de\/index.php?rest_route=\/wp\/v2\/media\/2786"}],"wp:attachment":[{"href":"https:\/\/peterustinovschule.de\/index.php?rest_route=%2Fwp%2Fv2%2Fmedia&parent=2785"}],"wp:term":[{"taxonomy":"category","embeddable":true,"href":"https:\/\/peterustinovschule.de\/index.php?rest_route=%2Fwp%2Fv2%2Fcategories&post=2785"},{"taxonomy":"post_tag","embeddable":true,"href":"https:\/\/peterustinovschule.de\/index.php?rest_route=%2Fwp%2Fv2%2Ftags&post=2785"}],"curies":[{"name":"wp","href":"https:\/\/api.w.org\/{rel}","templated":true}]}}