{"id":2317,"date":"2021-03-03T08:22:00","date_gmt":"2021-03-03T07:22:00","guid":{"rendered":"http:\/\/peterustinovschule.de\/?p=2317"},"modified":"2023-10-03T16:11:55","modified_gmt":"2023-10-03T14:11:55","slug":"elternbrief-vom-03-03-2021-aktuelle-informationen","status":"publish","type":"post","link":"https:\/\/peterustinovschule.de\/?p=2317","title":{"rendered":"Elternbrief vom 03.03.2021: Aktuelle Informationen"},"content":{"rendered":"\n<p><strong>Liebe Sch\u00fclerinnen und Sch\u00fcler, liebe Eltern,<\/strong><\/p>\n\n\n\n<p>ich freue mich sehr dar\u00fcber, euch und Ihnen endlich einmal aus einem erfreulichen Grund schreiben zu k\u00f6nnen.<\/p>\n\n\n\n<p>Nachdem die Grundsch\u00fcler in der letzten Woche den Anfang gemacht haben, d\u00fcrft auch ihr 5.- und 6.-Kl\u00e4ssler ab dem kommenden Montag endlich wieder in die Schule, und das sogar vollst\u00e4ndig in Pr\u00e4senz. Wir freuen uns sehr darauf, dass ihr ab der n\u00e4chsten Woche wieder jeden Tag nach normalem Stundenplan, mit Mittagessen und Freizeitangeboten bei uns sein werdet! (Die Notbetreuung endet an diesem Freitag.)<\/p>\n\n\n\n<p>Auch f\u00fcr die anderen Jahrg\u00e4nge ergeben sich zum Teil \u00c4nderungen &#8211; leider allerdings (noch) nicht f\u00fcr alle. Wir versuchen, die Vorgaben, die wir neu vom Ministerium bekommen haben, bestm\u00f6glich f\u00fcr alle umzusetzen. Dadurch, dass ab Montag wieder mehr Sch\u00fclerinnen und Sch\u00fcler vor Ort sein d\u00fcrfen und wir wieder mehr Lehrkr\u00e4fte nach normalem Stundenplan vor Ort einsetzen, werden wir an anderen Stellen k\u00fcrzen m\u00fcssen, damit auch f\u00fcr diejenigen von euch, die auch jetzt noch nicht wieder in die Schule kommen k\u00f6nnen, noch genug Ressourcen an Lehrkr\u00e4ften und Zeit zur Verf\u00fcgung stehen k\u00f6nnen.<\/p>\n\n\n\n<p>Daher sind wir gleichzeitig dabei, in allen betroffenen Jahrg\u00e4ngen das Distanzlernen zu optimieren und in Anlehnung an den Stundenplan zu gestalten. An dieser Stelle vielen Dank an alle von euch und an alle von Ihnen, die an unserer Umfrage teilgenommen haben und uns so bei der Weiterentwicklung des Konzepts unterst\u00fctzen. Und auch ein gro\u00dfes Danke an Frau Str\u00e4mke, die die Auswertung und \u00dcberarbeitung leitet und koordiniert.<\/p>\n\n\n\n<p>F\u00fcr den 13. Jahrgang bleibt es wie gehabt beim Wechselunterricht nach Plan; ggf. wird es aufgrund der anderen ge\u00e4nderten Plane individuelle Absprachen zwischen euch und euren Lehrern zu einzelnen Stunden geben.<\/p>\n\n\n\n<p>F\u00fcr den 10. Jahrgang setzen wir die Pr\u00fcfungsvorbereitung in ge\u00e4nderter Form fort; an sechs Tagen, am 11.3., 12.3. und vom 15.3. bis zum 18.3. wird es f\u00fcr euch je in halber Klassenst\u00e4rke (also in der Einteilung wie gehabt) noch einmal je einen Fachtag f\u00fcr jedes Pr\u00fcfungsfach (Deutsch, Mathe, Englisch) geben. Die genauen Zeiten und Pl\u00e4ne werdet ihr \u00fcber eure Tutoren bekommen. Dazu werdet ihr ab kommendem Montag Distanzunterricht in allen F\u00e4chern und an allen Tagen der Woche bekommen.<\/p>\n\n\n\n<p>F\u00fcr die 9er-ESA-Pr\u00fcflinge wird es ab dem kommenden Montag je drei Tage in der Woche weiterhin die Pr\u00fcfungsvorbereitung in Pr\u00e4senz in den Pr\u00fcfungsf\u00e4chern geben. Um hier f\u00fcr den gesamten 9. Jahrgang eine ausgeglichene L\u00f6sung umzusetzen, werden wir euch ab Montag in nur noch zwei Gruppen (also je die Sch\u00fcler\/innen aus zwei Klassen zusammen) in Pr\u00e4senz vorbereiten. Die genauen Zeiten und Pl\u00e4ne werdet ihr \u00fcber eure Tutoren bekommen. F\u00fcr euch alle im 9. Jahrgang wird es zudem Distanzunterricht in allen F\u00e4chern und an allen Tagen der Woche geben.<\/p>\n\n\n\n<p>F\u00fcr euch 11.- und 12.-Kl\u00e4ssler bleibt es erst einmal wie gehabt beim Distanzunterricht, zu einzelnen Klausuren \u201ed\u00fcrft\u201c ihr dann jeweils in die Schule kommen, die Pl\u00e4ne habt ihr ja schon erhalten.<\/p>\n\n\n\n<p>Und f\u00fcr euch 7.- und 8.-Kl\u00e4ssler habe ich leider noch keine guten Nachrichten. Die Nachricht, dass ihr weiterhin keine Klassenarbeiten in Pr\u00e4senz schreiben m\u00fcsst, tr\u00f6stet euch bestimmt nur wenig &#8211; ich glaube, auch ihr w\u00e4rt sehr viel lieber wieder in Schule und w\u00fcrdet Klassenarbeiten daf\u00fcr in Kauf nehmen. Ich hoffe, dass auch f\u00fcr euch &#8211; wie f\u00fcr die 11.- und 12.-Kl\u00e4ssler &#8211; sehr bald eine L\u00f6sung gefunden wird &#8211; wir freuen uns sehr darauf, auch euch dann endlich wiedersehen zu k\u00f6nnen! Wir versuchen unser Bestes, euch weiterhin im Distanzlernen so gut wie m\u00f6glich zu unterrichten.<\/p>\n\n\n\n<p>Ihr und Sie k\u00f6nnen herauslesen, dass wir auch in der n\u00e4chsten Zeit noch viel im Distanzunterricht arbeiten m\u00fcssen. Aus den Ergebnissen der Umfrage zum Distanzlernen und aus den sonstigen R\u00fcckmeldungen haben wir herausgelesen und geh\u00f6rt, dass euer und Ihr Wunsch nach Online-Unterricht h\u00f6her ist, als wir ihn in vielen F\u00e4llen bisher bedienen konnten. Das ist bei uns tats\u00e4chlich relativ schwierig umzusetzen, da die Pr\u00e4senzangebote f\u00fcr einige Gruppen ja mit den normalen Stundenpl\u00e4nen kollidieren (v.a. im 9. Jahrgang). Auch aus diesem Grund reduzieren wir die Pr\u00e4senzangebote in 9 und 10 etwas, um so wieder mehr Unterricht nach Stundenplan und damit auch mit Zeitfenstern f\u00fcr Videokonferenzen und Online-Unterricht in Anlehnung an den normalen Stundenplan f\u00fcr alle Sch\u00fclerinnen und Sch\u00fclern einer Klasse oder eines Kurses zu erm\u00f6glichen. Unser \u00fcberarbeitetes Konzept zum Distanzlernen werdet ihr und werden Sie bald erhalten, ein wesentlicher Punkt ist, dass wir auf eure und Ihre Anregung hin ab Montag anstreben, mindestens einmal pro Woche und Fach eine Videokonferenz stattfinden zu lassen.<\/p>\n\n\n\n<p>Eine ganz gro\u00dfe Bitte habe ich noch an euch, die ab Montag weiter zur Schule kommen, und an euch, die ab Montag wieder \u201eneu\u201c zur Schule kommen: In den letzten Wochen, in denen wir zu Haus gesessen haben oder in denen wir in der Schule sehr viel Platz und leere Flure und R\u00e4ume hatten, konnten wir es uns vielleicht leisten, nicht immer zu 100% an die Corona-Regeln denken zu m\u00fcssen. Ab Montag, wenn so viele von euch endlich wieder zusammenkommen, ist es aber unglaublich wichtig, dass wir uns alle vom ersten Moment an wieder genau an die Regeln halten, damit wir das Gl\u00fcck, uns wiederzusehen, nicht gleich wieder aufgeben m\u00fcssen:<br>Bitte denkt an die Abst\u00e4nde zu anderen Kohorten und an eure Kohortenbereiche.<br>Denkt daran, nur euren Eingang und nur eure Toiletten zu benutzen (das sind noch alles die \u201ealten\u201c wie es auch im Herbst war).<br>Denkt daran, euch die H\u00e4nde zu waschen und beim Betreten des Geb\u00e4udes zu desinfizieren.<br>Bitte tragt immer einen medizinischen (!) Mundschutz und denkt an Wechsel-Masken f\u00fcr die langen Schultagen (die \u201eAlltagsmasken\u201c sind nicht mehr erlaubt, ihr k\u00f6nnt aber nat\u00fcrlich auch FFP2-Masken tragen, wenn ihr m\u00f6chtet &#8211; die Masken m\u00fcssen auch weiterhin im Unterricht getragen werden).<br>Und wenn ihr esst und trinkt, tut das wenn irgendm\u00f6glich drau\u00dfen oder ansonsten mit gro\u00dfem Abstand zu anderen und am offenen Fenster.<\/p>\n\n\n\n<p>Wenn Ihnen, liebe Eltern, trotz unserer Vorsicht zu unwohl bei dem Gedanken ist, Ihr Kind wieder in die Schule zu schicken, gibt es f\u00fcr Sie die M\u00f6glichkeit, Ihr Kind (oder Ihr als vollj\u00e4hrige Sch\u00fcler selbst) ohne weitere Begr\u00fcndung vom 8. bis zum 31.3. vom Pr\u00e4senzunterricht beurlauben zu lassen (Antrag schriftlich oder per E-Mail an mich).<\/p>\n\n\n\n<p>Auch wenn leider immer noch nicht alle von euch wieder hier sein k\u00f6nnen &#8211; die n\u00e4chste Etappe schaffen wir gemeinsam auch noch, bis wir uns dann endlich alle wiedersehen.<\/p>\n\n\n\n<p>Jetzt freuen wir uns erst einmal unglaublich auf euch 5.- und 6.-Kl\u00e4ssler!! Bis Montag!<\/p>\n\n\n\n<p>Viele Gr\u00fc\u00dfe<br>Imke Freudenthal<\/p>\n","protected":false},"excerpt":{"rendered":"<p>Liebe Sch\u00fclerinnen und Sch\u00fcler, liebe Eltern, ich freue mich sehr dar\u00fcber, euch und Ihnen endlich einmal aus einem erfreulichen Grund schreiben zu k\u00f6nnen. Nachdem die &hellip;<\/p>\n","protected":false},"author":1,"featured_media":0,"comment_status":"closed","ping_status":"closed","sticky":false,"template":"","format":"standard","meta":{"footnotes":""},"categories":[32],"tags":[52,55],"_links":{"self":[{"href":"https:\/\/peterustinovschule.de\/index.php?rest_route=\/wp\/v2\/posts\/2317"}],"collection":[{"href":"https:\/\/peterustinovschule.de\/index.php?rest_route=\/wp\/v2\/posts"}],"about":[{"href":"https:\/\/peterustinovschule.de\/index.php?rest_route=\/wp\/v2\/types\/post"}],"author":[{"embeddable":true,"href":"https:\/\/peterustinovschule.de\/index.php?rest_route=\/wp\/v2\/users\/1"}],"replies":[{"embeddable":true,"href":"https:\/\/peterustinovschule.de\/index.php?rest_route=%2Fwp%2Fv2%2Fcomments&post=2317"}],"version-history":[{"count":0,"href":"https:\/\/peterustinovschule.de\/index.php?rest_route=\/wp\/v2\/posts\/2317\/revisions"}],"wp:attachment":[{"href":"https:\/\/peterustinovschule.de\/index.php?rest_route=%2Fwp%2Fv2%2Fmedia&parent=2317"}],"wp:term":[{"taxonomy":"category","embeddable":true,"href":"https:\/\/peterustinovschule.de\/index.php?rest_route=%2Fwp%2Fv2%2Fcategories&post=2317"},{"taxonomy":"post_tag","embeddable":true,"href":"https:\/\/peterustinovschule.de\/index.php?rest_route=%2Fwp%2Fv2%2Ftags&post=2317"}],"curies":[{"name":"wp","href":"https:\/\/api.w.org\/{rel}","templated":true}]}}