{"id":2098,"date":"2008-01-09T19:42:00","date_gmt":"2008-01-09T18:42:00","guid":{"rendered":"http:\/\/peterustinovschule.de\/?p=2098"},"modified":"2023-05-07T16:34:09","modified_gmt":"2023-05-07T14:34:09","slug":"schulabschluesse-2008","status":"publish","type":"post","link":"https:\/\/peterustinovschule.de\/?p=2098","title":{"rendered":"Schulabschl\u00fcsse 2008"},"content":{"rendered":"\n<p><strong>Die Abiturientinnen und Abiturienten 2008<\/strong><\/p>\n\n\n\n<figure class=\"wp-block-image size-full\"><img decoding=\"async\" loading=\"lazy\" width=\"798\" height=\"534\" src=\"http:\/\/peterustinovschule.de\/wp-content\/uploads\/2023\/01\/Abi-2008.png\" alt=\"\" class=\"wp-image-2077\" srcset=\"https:\/\/peterustinovschule.de\/wp-content\/uploads\/2023\/01\/Abi-2008.png 798w, https:\/\/peterustinovschule.de\/wp-content\/uploads\/2023\/01\/Abi-2008-300x201.png 300w, https:\/\/peterustinovschule.de\/wp-content\/uploads\/2023\/01\/Abi-2008-768x514.png 768w\" sizes=\"(max-width: 798px) 100vw, 798px\" \/><\/figure>\n\n\n\n<p>Alina Bargholz, Mona Bartczyk, Franziska Brandt, Philip Br\u00fcgge, Fay Dasenbrock, Stine Elisa Domscheit, Jasper Eick, Rasmus Engelhardt, Jana Marieke Fischer, Farnziska Fuchs, Jeanne Gaida, Kiran Gall, Freya Geruschkat, Julian Goetze Till Grundmann, Jan Ihrens, Patrick Jahrmann, Lara Jessen, Caroline Maria Kalkreuth, Ann-Kathrin Kann, Janosch Klimmek, Leonie Knebel, Malte Kohn, Simone Lie\u00dfegang, Daniel Lindau, Severin Lorbach, Lena Mehlert, Jana Melchin, Philipp Mehtmann, Pia Mohlsen, Lisa Marie Mordhorst, Maximilian M\u00fcller, Anna Rebecca Nisius, Pay Numrich, Constanze Obbelode, Hark Oluf Paulsen, Julian Peters, Nils Petersen, S\u00f6ren Piening, Isabelle Popiehn, Fin Radke, Sophie Reichenberger, Dieko Riebe, Urte Riewerts, Marthe Ri\u00dfmann, Ann-Marie Roby, Philip Rutzen, Lena Sarp, Annalena Sievers, Eike Siewertsen, Christoph Spiegel, Laura Steffen, Till-Gerrit Storm, Tim Taufenbach, Jule Tedsen, Fin Hagen Teufel, Marie Uber, Ferina von Assel, Roman von Paris, Mareike Vo\u00df, Jasmin Wasiak, Pascal Watermann, Johanna Weirowski, Kristin Wohlenberg, May-Lina Woock und Angela Wulf<\/p>\n\n\n\n<div style=\"height:100px\" aria-hidden=\"true\" class=\"wp-block-spacer\"><\/div>\n\n\n\n<p><strong>Die Schu\u0308lerinnen und Sch\u00fcler mit Fachhochschulreife (schulischer Teil) 2008<\/strong><\/p>\n\n\n\n<figure class=\"wp-block-image size-full\"><img decoding=\"async\" loading=\"lazy\" width=\"792\" height=\"530\" src=\"http:\/\/peterustinovschule.de\/wp-content\/uploads\/2023\/01\/Fachhochsr-2008.png\" alt=\"\" class=\"wp-image-2078\" srcset=\"https:\/\/peterustinovschule.de\/wp-content\/uploads\/2023\/01\/Fachhochsr-2008.png 792w, https:\/\/peterustinovschule.de\/wp-content\/uploads\/2023\/01\/Fachhochsr-2008-300x201.png 300w, https:\/\/peterustinovschule.de\/wp-content\/uploads\/2023\/01\/Fachhochsr-2008-768x514.png 768w\" sizes=\"(max-width: 792px) 100vw, 792px\" \/><\/figure>\n\n\n\n<p>S\u00f6nke Blumberg, Julian Carl\u00e9, Katharina Falatik, Ruth Hartwig, Yves H\u00e4u\u00dfermann, Nina Hoyer,<br>Ann-Christin-Knecht, Daniel Stoermer<\/p>\n\n\n\n<div style=\"height:100px\" aria-hidden=\"true\" class=\"wp-block-spacer\"><\/div>\n\n\n\n<p><strong>Die erfolgreichen Absolventinnen und Absolventen mit Realschulabschluss 2008<\/strong><\/p>\n\n\n\n<p>Hannes Beckmann, Susann Biedermann, R\u00e9my Bocquet, Marita B\u00f6ttcher, Jacqueline Braun, Jaron Ewert,<br>Jessica H\u00e4\u00dfler, Nils Hamann, Ricarda Hildebrandt, Lina Huber, Marcus Klammer, Niels Klein, Pia Klingbeil,<br>Maria Kohzer, Katharina Liedtke, Sarah Liedtke, Romy Lossow, Julia Mosebach, Tobias Naeve, Svea Petersen,<br>Yannek Pierzchala, Janina Pippow, Laura Racky, Nina Rasmussen, Tim-Julien Riegel, Tjorven Rohweder, Rico Scharlau, Maja Sibenik, Malte St\u00fcve, Nico Werner, Anna-Lena Witt<\/p>\n\n\n\n<p>(Insgesamt haben 94 Sch\u00fclerinnen und Sch\u00fcler erfolgreich den Realschulabschluss gemacht. Hier aufgelistet sind nur diejenigen, die danach abgegangen sind. Die anderen sind in die schuleigene Oberstufe gewechselt.)<\/p>\n\n\n\n<figure class=\"wp-block-image size-full\"><img decoding=\"async\" loading=\"lazy\" width=\"796\" height=\"527\" src=\"http:\/\/peterustinovschule.de\/wp-content\/uploads\/2023\/01\/Real2008.png\" alt=\"\" class=\"wp-image-2079\" srcset=\"https:\/\/peterustinovschule.de\/wp-content\/uploads\/2023\/01\/Real2008.png 796w, https:\/\/peterustinovschule.de\/wp-content\/uploads\/2023\/01\/Real2008-300x199.png 300w, https:\/\/peterustinovschule.de\/wp-content\/uploads\/2023\/01\/Real2008-768x508.png 768w\" sizes=\"(max-width: 796px) 100vw, 796px\" \/><\/figure>\n\n\n\n<div style=\"height:100px\" aria-hidden=\"true\" class=\"wp-block-spacer\"><\/div>\n\n\n\n<p><strong>Die erfolgreichen Absolventinnen und Absolventen mit Hauptschullabschluss 2008<\/strong><\/p>\n\n\n\n<figure class=\"wp-block-image size-full\"><img decoding=\"async\" loading=\"lazy\" width=\"792\" height=\"526\" src=\"http:\/\/peterustinovschule.de\/wp-content\/uploads\/2023\/01\/HS2008.png\" alt=\"\" class=\"wp-image-2080\" srcset=\"https:\/\/peterustinovschule.de\/wp-content\/uploads\/2023\/01\/HS2008.png 792w, https:\/\/peterustinovschule.de\/wp-content\/uploads\/2023\/01\/HS2008-300x199.png 300w, https:\/\/peterustinovschule.de\/wp-content\/uploads\/2023\/01\/HS2008-768x510.png 768w\" sizes=\"(max-width: 792px) 100vw, 792px\" \/><\/figure>\n\n\n\n<p>Andr\u00e9 Abram, Petra Fischer, Sammy Freund, Jacquelin G\u00f6tz, Sarah Kristin Ivers, Niklas Kann,<br>Kevin Maschitz, Fynn Ole Melson, Nathalie M\u00f6ller, Lennart Mohr, Torben Rehder<\/p>\n\n\n\n<p><\/p>\n\n\n\n<p><\/p>\n\n\n\n<p>Fotos: Archiv &#8220;Eckernf\u00f6rder Zeitung<\/p>\n","protected":false},"excerpt":{"rendered":"<p>Die Abiturientinnen und Abiturienten 2008 Alina Bargholz, Mona Bartczyk, Franziska Brandt, Philip Br\u00fcgge, Fay Dasenbrock, Stine Elisa Domscheit, Jasper Eick, Rasmus Engelhardt, Jana Marieke Fischer, &hellip;<\/p>\n","protected":false},"author":1,"featured_media":2077,"comment_status":"closed","ping_status":"closed","sticky":false,"template":"","format":"standard","meta":{"footnotes":""},"categories":[13,43,36],"tags":[],"_links":{"self":[{"href":"https:\/\/peterustinovschule.de\/index.php?rest_route=\/wp\/v2\/posts\/2098"}],"collection":[{"href":"https:\/\/peterustinovschule.de\/index.php?rest_route=\/wp\/v2\/posts"}],"about":[{"href":"https:\/\/peterustinovschule.de\/index.php?rest_route=\/wp\/v2\/types\/post"}],"author":[{"embeddable":true,"href":"https:\/\/peterustinovschule.de\/index.php?rest_route=\/wp\/v2\/users\/1"}],"replies":[{"embeddable":true,"href":"https:\/\/peterustinovschule.de\/index.php?rest_route=%2Fwp%2Fv2%2Fcomments&post=2098"}],"version-history":[{"count":0,"href":"https:\/\/peterustinovschule.de\/index.php?rest_route=\/wp\/v2\/posts\/2098\/revisions"}],"wp:featuredmedia":[{"embeddable":true,"href":"https:\/\/peterustinovschule.de\/index.php?rest_route=\/wp\/v2\/media\/2077"}],"wp:attachment":[{"href":"https:\/\/peterustinovschule.de\/index.php?rest_route=%2Fwp%2Fv2%2Fmedia&parent=2098"}],"wp:term":[{"taxonomy":"category","embeddable":true,"href":"https:\/\/peterustinovschule.de\/index.php?rest_route=%2Fwp%2Fv2%2Fcategories&post=2098"},{"taxonomy":"post_tag","embeddable":true,"href":"https:\/\/peterustinovschule.de\/index.php?rest_route=%2Fwp%2Fv2%2Ftags&post=2098"}],"curies":[{"name":"wp","href":"https:\/\/api.w.org\/{rel}","templated":true}]}}