{"id":1340,"date":"2012-09-09T20:41:00","date_gmt":"2012-09-09T18:41:00","guid":{"rendered":"http:\/\/peterustinovschule.de\/?p=1340"},"modified":"2023-10-03T16:11:55","modified_gmt":"2023-10-03T14:11:55","slug":"organisatorische-veraenderungen","status":"publish","type":"post","link":"https:\/\/peterustinovschule.de\/?p=1340","title":{"rendered":"Organisatorische Ver\u00e4nderungen"},"content":{"rendered":"\n<p>Liebe Eltern,<\/p>\n\n\n\n<p>schon nach wenigen Wochen kann man deutlich erkennen, dass die organisatorischen Ver\u00e4nderungen an unserer Schule zu einer weiteren Beruhigung des Schultags gef\u00fchrt haben.<\/p>\n\n\n\n<p>In den 60-Minuten-Stunden bleibt deutlich mehr Zeit die Ergebnisse der selbst\u00e4ndigen Arbeit auszuwerten. Die Reduzierung der F\u00e4cheranzahl am Tag und die Verl\u00e4ngerung der einzelnen Pausen erh\u00f6ht die Konzentration auf die jeweilige Unterrichtsstunde. Zunehmend gelingt es den Sch\u00fclerinnen und Sch\u00fclern auch, sich f\u00fcr die Lernzeit individuelle Schwerpunkte zu setzen. Auch die intensive Besch\u00e4ftigung mit nur einem Thema in der ersten Kompaktwoche hat sehr viele beeindruckende Ergebnisse hervorgebracht. Noch nicht m\u00f6glich war die Durchf\u00fchrung der Klassenfahrten in dieser Woche, da die Vertr\u00e4ge schon lange abgeschlossen waren. Aus diesem Grunde hat es auch in den ersten Wochen noch einmal Unterrichtsausfall gegeben. Sehr gefreut haben wir uns dar\u00fcber, dass die vielen Ver\u00e4nderungen reibungslos und ohne organisatorische Pannen umgesetzt werden konnten.<\/p>\n\n\n\n<p>Dem gesamten Kollegium mit seinen vielen kreativen Anregungen und hier besonders Herrn Jahn und Herrn Mroczkowski mit ihrem au\u00dfergew\u00f6hnlichen Einsatz geb\u00fchrt daf\u00fcr besonderer Dank. Auch die Probleme mit einer sehr kurzen Mittagszeit f\u00fcr die Brassbandmitglieder im 9. und 10. Jahrgang konnten mittlerweile gel\u00f6st werden. Auf unserem Schulentwicklungstag am 6. November werden wir das weitere Vorgehen in den Kompaktwochen und in der Lernzeit planen und unser Methodenrepertoire weiterentwickeln. Dieser Tag ist f\u00fcr Ihre Kinder unterrichtsfrei. Auch \u00fcber die anderen bisher geplanten Veranstaltungen an der Peter-Ustinov-Schule informiert Sie unser angef\u00fcgter Jahresterminplan. \u00dcber kurzfristig geplante Veranstaltungen und aktuelle Informationen \u00fcber die Schule k\u00f6nnen Sie sich weiterhin auf unserer Homepage <a href=\"http:\/\/www.igs-eckernfoerde.de\/\/\">(www.igs-eckernfoerde.de)<\/a> informieren. Auch die Elternbriefe werden hier ver\u00f6ffentlicht. Ver\u00e4nderungen bei den Abschl\u00fcssen und den weiteren rechtlichen Grundlagen f\u00fcr unsere Arbeit haben wir offensichtlich in den n\u00e4chsten beiden Jahren nicht zu erwarten, da ein neues Schulgesetz erst dann verabschiedet werden soll. Erfreulich hingegen ist, dass die Differenzierungsstunden, die die alte Landesregierung den Gemeinschaftsschulen gestrichen hat, in zwei Schritten wieder zur\u00fcckgegeben werden sollen. Bereits zum Halbjahr werden wir Lehrkr\u00e4fte einstellen k\u00f6nnen, um unseren F\u00f6rderunterricht weiter zu intensivieren.<\/p>\n\n\n\n<p>Zu Beginn des Schuljahres konnten wir vier neue Kolleginnen und Kollegen begr\u00fc\u00dfen: Jasper Lindemann (Mathematik, Sport), Alexandra Nicoloff (Franz\u00f6sisch, Geschichte), Daniela Soda (Deutsch, Englisch), Thomas Uellner (Geschichte, Kunst).<\/p>\n\n\n\n<p>Herr Biermann, Herr Gieseler und Frau Teichmann sind in den Ruhestand versetzt worden. Herr F\u00f6lster befindet sich im Sabbatjahr.<\/p>\n\n\n\n<p>Ihr Referendariat abgeschlossen haben zum Schuljahresende die Kolleginnen Carstens, Gerber, Orhan und Schulz-Eppers. Ich w\u00fcnsche uns allen, dass der Herbst uns noch viele Sonnenstunden schenkt.<\/p>\n\n\n\n<p>Mit freundlichen Gr\u00fc\u00dfen,<\/p>\n\n\n\n<p>Dirk S\u00f6hren<\/p>\n\n\n\n<p>Oberstudiendirektor<\/p>\n","protected":false},"excerpt":{"rendered":"<p>Liebe Eltern, schon nach wenigen Wochen kann man deutlich erkennen, dass die organisatorischen Ver\u00e4nderungen an unserer Schule zu einer weiteren Beruhigung des Schultags gef\u00fchrt haben. &hellip;<\/p>\n","protected":false},"author":1,"featured_media":1341,"comment_status":"closed","ping_status":"closed","sticky":false,"template":"","format":"standard","meta":{"footnotes":""},"categories":[32],"tags":[52,55],"_links":{"self":[{"href":"https:\/\/peterustinovschule.de\/index.php?rest_route=\/wp\/v2\/posts\/1340"}],"collection":[{"href":"https:\/\/peterustinovschule.de\/index.php?rest_route=\/wp\/v2\/posts"}],"about":[{"href":"https:\/\/peterustinovschule.de\/index.php?rest_route=\/wp\/v2\/types\/post"}],"author":[{"embeddable":true,"href":"https:\/\/peterustinovschule.de\/index.php?rest_route=\/wp\/v2\/users\/1"}],"replies":[{"embeddable":true,"href":"https:\/\/peterustinovschule.de\/index.php?rest_route=%2Fwp%2Fv2%2Fcomments&post=1340"}],"version-history":[{"count":0,"href":"https:\/\/peterustinovschule.de\/index.php?rest_route=\/wp\/v2\/posts\/1340\/revisions"}],"wp:featuredmedia":[{"embeddable":true,"href":"https:\/\/peterustinovschule.de\/index.php?rest_route=\/wp\/v2\/media\/1341"}],"wp:attachment":[{"href":"https:\/\/peterustinovschule.de\/index.php?rest_route=%2Fwp%2Fv2%2Fmedia&parent=1340"}],"wp:term":[{"taxonomy":"category","embeddable":true,"href":"https:\/\/peterustinovschule.de\/index.php?rest_route=%2Fwp%2Fv2%2Fcategories&post=1340"},{"taxonomy":"post_tag","embeddable":true,"href":"https:\/\/peterustinovschule.de\/index.php?rest_route=%2Fwp%2Fv2%2Ftags&post=1340"}],"curies":[{"name":"wp","href":"https:\/\/api.w.org\/{rel}","templated":true}]}}